{"id":24054,"date":"2019-04-13T11:03:21","date_gmt":"2019-04-13T16:03:21","guid":{"rendered":"http:\/\/summainferno.com\/?p=24054"},"modified":"2019-04-13T11:03:21","modified_gmt":"2019-04-13T16:03:21","slug":"ac-dc-volvera-a-salir-de-gira-junto-a-brian-johnson-segun-eddie-trunk","status":"publish","type":"post","link":"https:\/\/summainferno.com\/en\/ac-dc-volvera-a-salir-de-gira-junto-a-brian-johnson-segun-eddie-trunk\/","title":{"rendered":"AC \/ DC will tour again with Brian Johnson according to Eddie Trunk"},"content":{"rendered":"<p>El popular locutor de radio <strong>Eddie Trunk<\/strong> habl\u00f3 sobre <strong>AC DC<\/strong>, su nuevo \u00e1lbum y la posibilidad de que el cantante <strong>Brian Johnson<\/strong> vuelva a salir de gira con la banda a pesar de los problemas auditivos que tiene y que lo alejaron de la banda en primer lugar.<\/p>\n<p>&nbsp;<\/p>\n<blockquote><p>&#8220;Es casi un hecho de que estos chicos est\u00e1n preparando un nuevo \u00e1lbum y que ese disco ser\u00e1 lanzado pr\u00f3ximamente. Adem\u00e1s, tengo fuentes que me afirman totalmente que ellos saldr\u00e1n de gira con Brian Johnson nuevamente. No es algo que se haya hecho oficial, pero mis fuentes son de absoluta confianza.<\/p>\n<p>&nbsp;<\/p>\n<p>Estoy seguro que AC\/DC lanzar\u00e1 este nuevo \u00e1lbum como una especie de tributo a Malcolm Young, as\u00ed como &#8216;Back in Black&#8217; fue un tributo a Bon Scott. No tengo duda de ello, as\u00ed que solo espero el momento en el que ellos decidan anunciarlo.&#8221;<\/p><\/blockquote>\n<p>&nbsp;<\/p>\n<p>Hace apenas unos d\u00edas, el ingeniero de audio<strong> Mike Fraser<\/strong> confirm\u00f3 el regreso al estudio de grabaci\u00f3n de la legendaria banda australiana, diciendo que <strong>AC DC<\/strong> hab\u00eda estado &#8220;haciendo cosas&#8221; ah\u00ed, adem\u00e1s de confirmar que Brian Johnson s\u00ed formaba parte de esta nueva grabaci\u00f3n.<\/p>\n<p>&nbsp;<\/p>\n<p>https:\/\/www.youtube.com\/watch?v=CRT9odQVFXY<\/p>\n<p>&nbsp;<\/p>","protected":false},"excerpt":{"rendered":"<p>Brian Johnson will return to the stage with AC \/ DC on the band&#039;s new world tour.<\/p>","protected":false},"author":1,"featured_media":24055,"comment_status":"open","ping_status":"open","sticky":false,"template":"","format":"standard","meta":{"footnotes":""},"categories":[31,260],"tags":[89,523],"class_list":["post-24054","post","type-post","status-publish","format-standard","has-post-thumbnail","hentry","category-metal","category-new","tag-acdc","tag-brian-johnson"],"_links":{"self":[{"href":"https:\/\/summainferno.com\/en\/wp-json\/wp\/v2\/posts\/24054","targetHints":{"allow":["GET"]}}],"collection":[{"href":"https:\/\/summainferno.com\/en\/wp-json\/wp\/v2\/posts"}],"about":[{"href":"https:\/\/summainferno.com\/en\/wp-json\/wp\/v2\/types\/post"}],"author":[{"embeddable":true,"href":"https:\/\/summainferno.com\/en\/wp-json\/wp\/v2\/users\/1"}],"replies":[{"embeddable":true,"href":"https:\/\/summainferno.com\/en\/wp-json\/wp\/v2\/comments?post=24054"}],"version-history":[{"count":0,"href":"https:\/\/summainferno.com\/en\/wp-json\/wp\/v2\/posts\/24054\/revisions"}],"wp:featuredmedia":[{"embeddable":true,"href":"https:\/\/summainferno.com\/en\/wp-json\/"}],"wp:attachment":[{"href":"https:\/\/summainferno.com\/en\/wp-json\/wp\/v2\/media?parent=24054"}],"wp:term":[{"taxonomy":"category","embeddable":true,"href":"https:\/\/summainferno.com\/en\/wp-json\/wp\/v2\/categories?post=24054"},{"taxonomy":"post_tag","embeddable":true,"href":"https:\/\/summainferno.com\/en\/wp-json\/wp\/v2\/tags?post=24054"}],"curies":[{"name":"wp","href":"https:\/\/api.w.org\/{rel}","templated":true}]}}