{"id":23396,"date":"2019-03-20T15:33:43","date_gmt":"2019-03-20T21:33:43","guid":{"rendered":"http:\/\/summainferno.com\/?p=23396"},"modified":"2019-03-20T15:33:43","modified_gmt":"2019-03-20T21:33:43","slug":"vans-lanzara-linea-inspirada-en-david-bowie","status":"publish","type":"post","link":"https:\/\/summainferno.com\/en\/vans-lanzara-linea-inspirada-en-david-bowie\/","title":{"rendered":"VANS lanzar\u00e1 linea inspirada en David Bowie"},"content":{"rendered":"<p><strong>Vans<\/strong> ha presentado su nueva colecci\u00f3n, la cual est\u00e1 inspirada en la figura del m\u00edtico m\u00fasico brit\u00e1nico <strong>David Bowie<\/strong>. La l\u00ednea todav\u00eda no tiene fecha oficial de salida, pero se espera est\u00e9 disponible en las calles en los pr\u00f3ximos meses.<\/p>\n<p><strong>David Bowie<\/strong> [David Robert Jones] naci\u00f3 el 8 de enero de 1947 y falleci\u00f3 debido al c\u00e1ncer en 2016. A lo largo de sus m\u00e1s de 50 a\u00f1os de carrera, logr\u00f3 posicionarse como uno de los m\u00e1s grandes iconos de la m\u00fasica con personajes como <strong>Ziggy Stardust<\/strong>,<strong> White Duke<\/strong> o <strong>Halloween Jack<\/strong>.<\/p>\n<p>&nbsp;<\/p>\n<div id=\"fb-root\"><\/div>\n<p><script async=\"1\" defer=\"1\" crossorigin=\"anonymous\" src=\"https:\/\/connect.facebook.net\/en_US\/sdk.js#xfbml=1&amp;version=v3.3\"><\/script><\/p>\n<div class=\"fb-video\" data-href=\"https:\/\/www.facebook.com\/VansMexico\/videos\/346305176228429\/\" data-width=\"1200\">\n<blockquote cite=\"https:\/\/www.facebook.com\/VansMexico\/videos\/346305176228429\/\" class=\"fb-xfbml-parse-ignore\"><p><a href=\"https:\/\/www.facebook.com\/VansMexico\/videos\/346305176228429\/\" target=\"_blank\" rel=\"noopener\">Vans x David Bowie<\/a><\/p>\n<p>Commencing countdown, engines on: la colecci\u00f3n Vans x David Bowie est\u00e1 a punto de aterrizar&#8230;<\/p>\n<p>Posted by <a href=\"https:\/\/www.facebook.com\/VansMexico\/\" target=\"_blank\" rel=\"noopener\">Vans<\/a> on Wednesday, March 20, 2019<\/p><\/blockquote>\n<\/div>\n<p><img decoding=\"async\" loading=\"lazy\" class=\"aligncenter size-full wp-image-23399\" src=\"http:\/\/summainferno.com\/wp-content\/uploads\/2019\/03\/vans_b18.jpg\" alt=\"\" width=\"781\" height=\"500\" title=\"\"><noscript><img decoding=\"async\" class=\"aligncenter size-full wp-image-23399\" src=\"http:\/\/summainferno.com\/wp-content\/uploads\/2019\/03\/vans_b18.jpg\" alt=\"\" width=\"781\" height=\"500\" title=\"\"><\/noscript><\/p>\n","protected":false},"excerpt":{"rendered":"<p>Vans ha presentado su nueva colecci\u00f3n, la cual est\u00e1 inspirada en la figura del m\u00edtico m\u00fasico brit\u00e1nico David Bowie. La l\u00ednea todav\u00eda no tiene fecha oficial de salida, pero se espera est\u00e9 disponible en las calles en los pr\u00f3ximos meses. David Bowie [David Robert Jones] naci\u00f3 el 8 de enero de 1947 y falleci\u00f3 debido al c\u00e1ncer en 2016. A lo largo de sus m\u00e1s de 50 a\u00f1os de carrera, logr\u00f3 posicionarse como uno de los m\u00e1s grandes iconos de [&hellip;]<\/p>\n","protected":false},"author":1,"featured_media":23397,"comment_status":"open","ping_status":"open","sticky":false,"template":"","format":"standard","meta":{"footnotes":""},"categories":[260,2],"tags":[265,541],"class_list":["post-23396","post","type-post","status-publish","format-standard","has-post-thumbnail","hentry","category-new","category-rock","tag-david-bowie","tag-vans"],"_links":{"self":[{"href":"https:\/\/summainferno.com\/en\/wp-json\/wp\/v2\/posts\/23396","targetHints":{"allow":["GET"]}}],"collection":[{"href":"https:\/\/summainferno.com\/en\/wp-json\/wp\/v2\/posts"}],"about":[{"href":"https:\/\/summainferno.com\/en\/wp-json\/wp\/v2\/types\/post"}],"author":[{"embeddable":true,"href":"https:\/\/summainferno.com\/en\/wp-json\/wp\/v2\/users\/1"}],"replies":[{"embeddable":true,"href":"https:\/\/summainferno.com\/en\/wp-json\/wp\/v2\/comments?post=23396"}],"version-history":[{"count":0,"href":"https:\/\/summainferno.com\/en\/wp-json\/wp\/v2\/posts\/23396\/revisions"}],"wp:featuredmedia":[{"embeddable":true,"href":"https:\/\/summainferno.com\/en\/wp-json\/"}],"wp:attachment":[{"href":"https:\/\/summainferno.com\/en\/wp-json\/wp\/v2\/media?parent=23396"}],"wp:term":[{"taxonomy":"category","embeddable":true,"href":"https:\/\/summainferno.com\/en\/wp-json\/wp\/v2\/categories?post=23396"},{"taxonomy":"post_tag","embeddable":true,"href":"https:\/\/summainferno.com\/en\/wp-json\/wp\/v2\/tags?post=23396"}],"curies":[{"name":"wp","href":"https:\/\/api.w.org\/{rel}","templated":true}]}}