{"id":23261,"date":"2019-03-14T08:41:45","date_gmt":"2019-03-14T14:41:45","guid":{"rendered":"http:\/\/summainferno.com\/?p=23261"},"modified":"2019-03-14T08:41:45","modified_gmt":"2019-03-14T14:41:45","slug":"baroness-estrena-video-oficial-de-borderlines","status":"publish","type":"post","link":"https:\/\/summainferno.com\/en\/baroness-estrena-video-oficial-de-borderlines\/","title":{"rendered":"Baroness estrena video oficial de &#8216;Borderlines&#8217;"},"content":{"rendered":"<p>Los estadounidenses <strong>Baroness<\/strong> han presentado el video oficial del tema &#8216;<em>Borderlines<\/em>&#8216; primer corte promocional del \u00e1lbum <strong>&#8216;Gold &amp; Grey&#8217;<\/strong>, que sale el 14 de junio.<\/p>\n<p><strong><em>&#8216;Gold &amp; Grey<\/em><\/strong>&#8216; es el sexto \u00e1lbum en la carrera de la banda y ser\u00e1 el \u00faltimo en su serie de discos con nombres basados en colores.<\/p>\n<p><iframe class=\"zeen-lazy-load-base zeen-lazy-load\" title=\"BARONESS - Borderlines [OFFICIAL]\" width=\"1200\" height=\"675\" src=\"about:blank\" data-lazy-src=\"https:\/\/www.youtube.com\/embed\/tQX_oVVORFU?feature=oembed\" frameborder=\"0\" allow=\"accelerometer; autoplay; clipboard-write; encrypted-media; gyroscope; picture-in-picture\" allowfullscreen><\/iframe><noscript><iframe title=\"BARONESS - Borderlines [OFFICIAL]\" width=\"1200\" height=\"675\" src=\"https:\/\/www.youtube.com\/embed\/tQX_oVVORFU?feature=oembed\" frameborder=\"0\" allow=\"accelerometer; autoplay; clipboard-write; encrypted-media; gyroscope; picture-in-picture\" allowfullscreen><\/iframe><\/noscript><\/p>\n<p><img decoding=\"async\" loading=\"lazy\" src=\"http:\/\/summainferno.com\/wp-content\/uploads\/2019\/03\/Baroness-Gold-Grey-Full-Painting.jpeg\" width=\"1564\" height=\"2066\" class=\"aligncenter wp-image-23237 size-full\" alt=\"\" title=\"\"><noscript><img decoding=\"async\" src=\"http:\/\/summainferno.com\/wp-content\/uploads\/2019\/03\/Baroness-Gold-Grey-Full-Painting.jpeg\" width=\"1564\" height=\"2066\" class=\"aligncenter wp-image-23237 size-full\" alt=\"\" title=\"\"><\/noscript><\/p>\n","protected":false},"excerpt":{"rendered":"<p>Los estadounidenses Baroness han presentado el video oficial del tema &#8216;Borderlines&#8216; primer corte promocional del \u00e1lbum &#8216;Gold &amp; Grey&#8217;, que sale el 14 de junio. &#8216;Gold &amp; Grey&#8216; es el sexto \u00e1lbum en la carrera de la banda y ser\u00e1 el \u00faltimo en su serie de discos con nombres basados en colores.<\/p>","protected":false},"author":1,"featured_media":23260,"comment_status":"open","ping_status":"open","sticky":false,"template":"","format":"standard","meta":{"footnotes":""},"categories":[31,260],"tags":[263,1523,1520],"class_list":["post-23261","post","type-post","status-publish","format-standard","has-post-thumbnail","hentry","category-metal","category-new","tag-baroness","tag-borderlines","tag-gold-and-grey"],"_links":{"self":[{"href":"https:\/\/summainferno.com\/en\/wp-json\/wp\/v2\/posts\/23261","targetHints":{"allow":["GET"]}}],"collection":[{"href":"https:\/\/summainferno.com\/en\/wp-json\/wp\/v2\/posts"}],"about":[{"href":"https:\/\/summainferno.com\/en\/wp-json\/wp\/v2\/types\/post"}],"author":[{"embeddable":true,"href":"https:\/\/summainferno.com\/en\/wp-json\/wp\/v2\/users\/1"}],"replies":[{"embeddable":true,"href":"https:\/\/summainferno.com\/en\/wp-json\/wp\/v2\/comments?post=23261"}],"version-history":[{"count":0,"href":"https:\/\/summainferno.com\/en\/wp-json\/wp\/v2\/posts\/23261\/revisions"}],"wp:featuredmedia":[{"embeddable":true,"href":"https:\/\/summainferno.com\/en\/wp-json\/"}],"wp:attachment":[{"href":"https:\/\/summainferno.com\/en\/wp-json\/wp\/v2\/media?parent=23261"}],"wp:term":[{"taxonomy":"category","embeddable":true,"href":"https:\/\/summainferno.com\/en\/wp-json\/wp\/v2\/categories?post=23261"},{"taxonomy":"post_tag","embeddable":true,"href":"https:\/\/summainferno.com\/en\/wp-json\/wp\/v2\/tags?post=23261"}],"curies":[{"name":"wp","href":"https:\/\/api.w.org\/{rel}","templated":true}]}}