{"id":2296,"date":"2014-02-12T16:53:07","date_gmt":"2014-02-12T16:53:07","guid":{"rendered":"http:\/\/summainferno.com\/?p=2296"},"modified":"2014-02-12T16:53:07","modified_gmt":"2014-02-12T16:53:07","slug":"ghost-papa-emeritus-ii-sin-maquillaje","status":"publish","type":"post","link":"https:\/\/summainferno.com\/en\/ghost-papa-emeritus-ii-sin-maquillaje\/","title":{"rendered":"Ghost: Papa Emeritus II sin su maquillaje habitual"},"content":{"rendered":"<p>La banda sueca Ghost hizo una aparici\u00f3n especial en el Music Feed Studio.<\/p>\n<p>Lo interesante del asunto, es que el vocalista, Papa Emeritus II se present\u00f3 sin el atuendo habitual de sus actuaciones y seamos sinceros, se ve mejor con sus atuendos que le conocemos. Por favor Emeritus, ya no uses esta m\u00e1scara de l\u00e1tex&#8230; <\/p>\n<p>La banda interpret\u00f3\u00a0<em>Ritual<\/em>,\u00a0<em>Year Zero<\/em>\u00a0and\u00a0<em>If You Have Ghost<\/em>, y podr\u00e1s echar un vistazo a continuaci\u00f3n.<\/p>\n<p>&nbsp;<\/p>\n<p>&nbsp;<\/p>\n<p><iframe class=\"zeen-lazy-load-base zeen-lazy-load\" src=\"about:blank\" data-lazy-src=\"\/\/www.youtube.com\/embed\/6l2FEHr_Yzg?rel=0\" height=\"439\" width=\"780\" allowfullscreen=\"\" frameborder=\"0\"><\/iframe><noscript><iframe src=\"\/\/www.youtube.com\/embed\/6l2FEHr_Yzg?rel=0\" height=\"439\" width=\"780\" allowfullscreen=\"\" frameborder=\"0\"><\/iframe><\/noscript><\/p>\n<p><iframe class=\"zeen-lazy-load-base zeen-lazy-load\" src=\"about:blank\" data-lazy-src=\"\/\/www.youtube.com\/embed\/CPCdOtOxdyM?rel=0\" height=\"439\" width=\"780\" allowfullscreen=\"\" frameborder=\"0\"><\/iframe><noscript><iframe src=\"\/\/www.youtube.com\/embed\/CPCdOtOxdyM?rel=0\" height=\"439\" width=\"780\" allowfullscreen=\"\" frameborder=\"0\"><\/iframe><\/noscript><\/p>\n<p><iframe class=\"zeen-lazy-load-base zeen-lazy-load\" src=\"about:blank\" data-lazy-src=\"\/\/www.youtube.com\/embed\/DkDx0cmOSHk?rel=0\" height=\"439\" width=\"780\" allowfullscreen=\"\" frameborder=\"0\"><\/iframe><noscript><iframe src=\"\/\/www.youtube.com\/embed\/DkDx0cmOSHk?rel=0\" height=\"439\" width=\"780\" allowfullscreen=\"\" frameborder=\"0\"><\/iframe><\/noscript><\/p>","protected":false},"excerpt":{"rendered":"<p>La banda sueca Ghost hizo una aparici\u00f3n especial en el Music Feed Studio. Lo interesante del asunto, es que el vocalista, Papa Emeritus II se present\u00f3 sin el atuendo habitual de sus actuaciones y seamos sinceros, se ve mejor con sus atuendos que le conocemos. Por favor Emeritus, ya no uses esta m\u00e1scara de l\u00e1tex&#8230; La banda interpret\u00f3\u00a0Ritual,\u00a0Year Zero\u00a0y\u00a0If You Have Ghost, y podr\u00e1s echar un vistazo a continuaci\u00f3n. &nbsp; &nbsp;<\/p>","protected":false},"author":1,"featured_media":2297,"comment_status":"open","ping_status":"open","sticky":false,"template":"","format":"standard","meta":{"footnotes":""},"categories":[31],"tags":[761,202],"class_list":["post-2296","post","type-post","status-publish","format-standard","has-post-thumbnail","hentry","category-metal","tag-emeritus-ii","tag-ghost"],"_links":{"self":[{"href":"https:\/\/summainferno.com\/en\/wp-json\/wp\/v2\/posts\/2296","targetHints":{"allow":["GET"]}}],"collection":[{"href":"https:\/\/summainferno.com\/en\/wp-json\/wp\/v2\/posts"}],"about":[{"href":"https:\/\/summainferno.com\/en\/wp-json\/wp\/v2\/types\/post"}],"author":[{"embeddable":true,"href":"https:\/\/summainferno.com\/en\/wp-json\/wp\/v2\/users\/1"}],"replies":[{"embeddable":true,"href":"https:\/\/summainferno.com\/en\/wp-json\/wp\/v2\/comments?post=2296"}],"version-history":[{"count":0,"href":"https:\/\/summainferno.com\/en\/wp-json\/wp\/v2\/posts\/2296\/revisions"}],"wp:featuredmedia":[{"embeddable":true,"href":"https:\/\/summainferno.com\/en\/wp-json\/"}],"wp:attachment":[{"href":"https:\/\/summainferno.com\/en\/wp-json\/wp\/v2\/media?parent=2296"}],"wp:term":[{"taxonomy":"category","embeddable":true,"href":"https:\/\/summainferno.com\/en\/wp-json\/wp\/v2\/categories?post=2296"},{"taxonomy":"post_tag","embeddable":true,"href":"https:\/\/summainferno.com\/en\/wp-json\/wp\/v2\/tags?post=2296"}],"curies":[{"name":"wp","href":"https:\/\/api.w.org\/{rel}","templated":true}]}}