{"id":22518,"date":"2019-01-16T11:20:43","date_gmt":"2019-01-16T17:20:43","guid":{"rendered":"http:\/\/summainferno.com\/?p=22518"},"modified":"2019-01-16T11:20:43","modified_gmt":"2019-01-16T17:20:43","slug":"the-cranberries-lanza-all-over-now-en-honor-a-dolores-oriordan","status":"publish","type":"post","link":"https:\/\/summainferno.com\/en\/the-cranberries-lanza-all-over-now-en-honor-a-dolores-oriordan\/","title":{"rendered":"The Cranberries lanza &#8216;All Over Now&#8217; en honor a Dolores O\u00b4Riordan."},"content":{"rendered":"<p><span style=\"font-weight: 400;\">El 15 de enero se cumpli\u00f3 el primer aniversario luctuoso de <\/span><b>Dolores O\u2019Riordan<\/b><span style=\"font-weight: 400;\">, vocalist of<\/span><b> The Cranberries<\/b><span style=\"font-weight: 400;\">, quien el d\u00eda de su fallecimiento se encontraba en Londres en una sesi\u00f3n de grabaci\u00f3n a sus 46 a\u00f1os de edad.<\/span><\/p>\n<p><span style=\"font-weight: 400;\">Los irlandeses ya estaban terminando su \u00faltimo disco <\/span><i><span style=\"font-weight: 400;\">\u2018In The End\u2019 <\/span><\/i><span style=\"font-weight: 400;\">antes de la muerte de Dolores, quien hab\u00eda grabado las voces de 11 canciones un mes antes de su muerte. <\/span><\/p>\n<p><span style=\"font-weight: 400;\">Also, <\/span><b>Eileen O\u00b4Riordan<\/b><span style=\"font-weight: 400;\">, mam\u00e1 de prestigiada vocalista, comparti\u00f3 en la p\u00e1gina oficial de la banda: <\/span><\/p>\n<blockquote><p><span style=\"font-weight: 400;\">\u201cNo puedo pensar en una forma m\u00e1s adecuada de conmemorar el primer aniversario del fallecimiento de Dolores y celebrar su vida que anunciar al mundo el lanzamiento del \u00faltimo \u00e1lbum de la banda\u201d.<\/span><\/p><\/blockquote>\n<p><span style=\"font-weight: 400;\">El disco saldr\u00e1 a la venta el 24 de Abril de este a\u00f1o. <\/span><\/p>\n<p>https:\/\/www.youtube.com\/watch?v=gSC2upiyRlQ<\/p>","protected":false},"excerpt":{"rendered":"<p>El 15 de enero se cumpli\u00f3 el primer aniversario luctuoso de Dolores O\u2019Riordan, vocalista de The Cranberries, quien el d\u00eda de su fallecimiento se encontraba en Londres en una sesi\u00f3n de grabaci\u00f3n a sus 46 a\u00f1os de edad. Los irlandeses ya estaban terminando su \u00faltimo disco \u2018In The End\u2019 antes de la muerte de Dolores, quien hab\u00eda grabado las voces de 11 canciones un mes antes de su muerte. Adem\u00e1s, Eileen O\u00b4Riordan, mam\u00e1 de prestigiada vocalista, comparti\u00f3 en la p\u00e1gina [&hellip;]<\/p>\n","protected":false},"author":11,"featured_media":22520,"comment_status":"open","ping_status":"open","sticky":false,"template":"","format":"standard","meta":{"footnotes":""},"categories":[260,2],"tags":[519,520,403,404],"class_list":["post-22518","post","type-post","status-publish","format-standard","has-post-thumbnail","hentry","category-new","category-rock","tag-all-over-now","tag-in-the-end","tag-dolores-orordian","tag-the-cranberries"],"_links":{"self":[{"href":"https:\/\/summainferno.com\/en\/wp-json\/wp\/v2\/posts\/22518","targetHints":{"allow":["GET"]}}],"collection":[{"href":"https:\/\/summainferno.com\/en\/wp-json\/wp\/v2\/posts"}],"about":[{"href":"https:\/\/summainferno.com\/en\/wp-json\/wp\/v2\/types\/post"}],"author":[{"embeddable":true,"href":"https:\/\/summainferno.com\/en\/wp-json\/wp\/v2\/users\/11"}],"replies":[{"embeddable":true,"href":"https:\/\/summainferno.com\/en\/wp-json\/wp\/v2\/comments?post=22518"}],"version-history":[{"count":0,"href":"https:\/\/summainferno.com\/en\/wp-json\/wp\/v2\/posts\/22518\/revisions"}],"wp:featuredmedia":[{"embeddable":true,"href":"https:\/\/summainferno.com\/en\/wp-json\/"}],"wp:attachment":[{"href":"https:\/\/summainferno.com\/en\/wp-json\/wp\/v2\/media?parent=22518"}],"wp:term":[{"taxonomy":"category","embeddable":true,"href":"https:\/\/summainferno.com\/en\/wp-json\/wp\/v2\/categories?post=22518"},{"taxonomy":"post_tag","embeddable":true,"href":"https:\/\/summainferno.com\/en\/wp-json\/wp\/v2\/tags?post=22518"}],"curies":[{"name":"wp","href":"https:\/\/api.w.org\/{rel}","templated":true}]}}