{"id":21773,"date":"2017-12-20T13:24:04","date_gmt":"2017-12-20T19:24:04","guid":{"rendered":"http:\/\/summainferno.com\/?p=21773"},"modified":"2017-12-20T13:24:04","modified_gmt":"2017-12-20T19:24:04","slug":"clan-of-xymox-regresa-a-la-cdmx","status":"publish","type":"post","link":"https:\/\/summainferno.com\/en\/clan-of-xymox-regresa-a-la-cdmx\/","title":{"rendered":"Clan Of Xymox returns to CDMX"},"content":{"rendered":"<p>There is no excuse to miss the presentation of <strong>Clan Of Xymox<\/strong> in Mexico City, because one year in advance they have announced their return to our country and on a single date presenting their most recent production<em> Days In Black\u00a0<\/em>released just this year.<\/p>\n<p>The Dutch project of <em>darkwave\u00a0<\/em>He is one of the darlings of the electro-goth scene due to its dark nuances and the classic Gothic atmosphere that they have known how to carry for more than three decades. The appointment for this intimate concert is next <strong>December 1<\/strong> at<strong> Lunario of the National Auditorium.\u00a0<\/strong>The locations will cost $600 until November 16 of the following year, and then go up to $700 until the day of the event.<\/p>\n<p><img decoding=\"async\" loading=\"lazy\" class=\"aligncenter size-full wp-image-21774\" src=\"http:\/\/summainferno.com\/wp-content\/uploads\/2018\/11\/clan.jpg\" alt=\"\" width=\"600\" height=\"960\" title=\"\"><noscript><img decoding=\"async\" class=\"aligncenter size-full wp-image-21774\" src=\"http:\/\/summainferno.com\/wp-content\/uploads\/2018\/11\/clan.jpg\" alt=\"\" width=\"600\" height=\"960\" title=\"\"><\/noscript><\/p>","protected":false},"excerpt":{"rendered":"<p>No hay pretexto para perderse la presentaci\u00f3n de Clan Of Xymox en la Ciudad de M\u00e9xico, pues con un a\u00f1o de anticipaci\u00f3n han anunciado su regreso a nuestro pa\u00eds y en una \u00fanica fecha presentando su m\u00e1s reciente producci\u00f3n &#8220;Days In Black&#8221;\u00a0lanzada apenas este a\u00f1o. El proyecto holand\u00e9s de darkwave\u00a0es uno de los consentidos de la escena elecrto-goth por sus matices oscuros y la atm\u00f3sfera del g\u00f3tico cl\u00e1sico que han sabido llevar por m\u00e1s de tres d\u00e9cadas. La cita para [&hellip;]<\/p>\n","protected":false},"author":1,"featured_media":21775,"comment_status":"open","ping_status":"open","sticky":false,"template":"","format":"standard","meta":{"footnotes":""},"categories":[2012,286,260],"tags":[1950],"class_list":["post-21773","post","type-post","status-publish","format-standard","has-post-thumbnail","hentry","category-darkwave","category-gothic","category-new","tag-clan-of-xymox"],"_links":{"self":[{"href":"https:\/\/summainferno.com\/en\/wp-json\/wp\/v2\/posts\/21773","targetHints":{"allow":["GET"]}}],"collection":[{"href":"https:\/\/summainferno.com\/en\/wp-json\/wp\/v2\/posts"}],"about":[{"href":"https:\/\/summainferno.com\/en\/wp-json\/wp\/v2\/types\/post"}],"author":[{"embeddable":true,"href":"https:\/\/summainferno.com\/en\/wp-json\/wp\/v2\/users\/1"}],"replies":[{"embeddable":true,"href":"https:\/\/summainferno.com\/en\/wp-json\/wp\/v2\/comments?post=21773"}],"version-history":[{"count":0,"href":"https:\/\/summainferno.com\/en\/wp-json\/wp\/v2\/posts\/21773\/revisions"}],"wp:featuredmedia":[{"embeddable":true,"href":"https:\/\/summainferno.com\/en\/wp-json\/"}],"wp:attachment":[{"href":"https:\/\/summainferno.com\/en\/wp-json\/wp\/v2\/media?parent=21773"}],"wp:term":[{"taxonomy":"category","embeddable":true,"href":"https:\/\/summainferno.com\/en\/wp-json\/wp\/v2\/categories?post=21773"},{"taxonomy":"post_tag","embeddable":true,"href":"https:\/\/summainferno.com\/en\/wp-json\/wp\/v2\/tags?post=21773"}],"curies":[{"name":"wp","href":"https:\/\/api.w.org\/{rel}","templated":true}]}}