{"id":21301,"date":"2018-10-30T21:24:15","date_gmt":"2018-10-30T21:24:15","guid":{"rendered":"http:\/\/summainferno.com\/?p=21301"},"modified":"2019-07-13T05:25:33","modified_gmt":"2019-07-13T05:25:33","slug":"lamb-of-god-lanzara-nuevo-album-en-2019","status":"publish","type":"post","link":"https:\/\/summainferno.com\/en\/lamb-of-god-lanzara-nuevo-album-en-2019\/","title":{"rendered":"Lamb of God lanzar\u00e1 nuevo \u00e1lbum en 2019"},"content":{"rendered":"<p><span style=\"font-weight: 400;\">Seg\u00fan revela el baterista <\/span><b>Chris Adler<\/b><span style=\"font-weight: 400;\">, <\/span><b>Lamb of god<\/b><span style=\"font-weight: 400;\"> espera tener un nuevo \u00e1lbum para Navidad 2019. <\/span><\/p>\n<p><span style=\"font-weight: 400;\">Han pasado m\u00e1s de tres a\u00f1os desde que lanzaron su \u00faltimo disco, y han estado ocupados de gira, en especial en la de despedida de <\/span><b>Slayer<\/b><span style=\"font-weight: 400;\">. <\/span><\/p>\n<p><b>Adler<\/b><span style=\"font-weight: 400;\"> mencion\u00f3 en una entrevista que todos tienen prisa creativa por hacer algo nuevo.<\/span><\/p>\n<p><span style=\"font-weight: 400;\">Tambi\u00e9n agreg\u00f3 que <\/span><b>Willie <\/b><span style=\"font-weight: 400;\">tiene un archivo con m\u00e1s de cuatro horas de riffs, cosa que toda la banda tendr\u00e1 que sentarse a revisar y analizar para irle dando forma a su nueva placa.<\/span><\/p>\n<p><span style=\"font-weight: 400;\">Sobre la fecha de grabaci\u00f3n <\/span><b>Adler<\/b><span style=\"font-weight: 400;\"> dijo: <\/span><\/p>\n<p><span style=\"font-weight: 400;\">&#8220;Creo que es m\u00e1s probable que se grabe en el oto\u00f1o del 2019, y espero que salga para los regalos de Navidad para todos tus hijos&#8221;.<\/span><\/p>","protected":false},"excerpt":{"rendered":"<p>Seg\u00fan revela el baterista Chris Adler, Lamb of God espera tener un nuevo \u00e1lbum para Navidad 2019. Han pasado m\u00e1s de tres a\u00f1os desde que lanzaron su \u00faltimo disco, y han estado ocupados de gira, en especial en la de despedida de Slayer. Adler mencion\u00f3 en una entrevista que todos tienen prisa creativa por hacer algo nuevo. Tambi\u00e9n agreg\u00f3 que Willie tiene un archivo con m\u00e1s de cuatro horas de riffs, cosa que toda la banda tendr\u00e1 que sentarse a [&hellip;]<\/p>\n","protected":false},"author":11,"featured_media":21302,"comment_status":"open","ping_status":"open","sticky":false,"template":"","format":"standard","meta":{"footnotes":""},"categories":[31,260],"tags":[476,454,677,9],"class_list":["post-21301","post","type-post","status-publish","format-standard","has-post-thumbnail","hentry","category-metal","category-new","tag-476","tag-lamb-of-god","tag-metal","tag-nuevo-album"],"_links":{"self":[{"href":"https:\/\/summainferno.com\/en\/wp-json\/wp\/v2\/posts\/21301","targetHints":{"allow":["GET"]}}],"collection":[{"href":"https:\/\/summainferno.com\/en\/wp-json\/wp\/v2\/posts"}],"about":[{"href":"https:\/\/summainferno.com\/en\/wp-json\/wp\/v2\/types\/post"}],"author":[{"embeddable":true,"href":"https:\/\/summainferno.com\/en\/wp-json\/wp\/v2\/users\/11"}],"replies":[{"embeddable":true,"href":"https:\/\/summainferno.com\/en\/wp-json\/wp\/v2\/comments?post=21301"}],"version-history":[{"count":0,"href":"https:\/\/summainferno.com\/en\/wp-json\/wp\/v2\/posts\/21301\/revisions"}],"wp:featuredmedia":[{"embeddable":true,"href":"https:\/\/summainferno.com\/en\/wp-json\/"}],"wp:attachment":[{"href":"https:\/\/summainferno.com\/en\/wp-json\/wp\/v2\/media?parent=21301"}],"wp:term":[{"taxonomy":"category","embeddable":true,"href":"https:\/\/summainferno.com\/en\/wp-json\/wp\/v2\/categories?post=21301"},{"taxonomy":"post_tag","embeddable":true,"href":"https:\/\/summainferno.com\/en\/wp-json\/wp\/v2\/tags?post=21301"}],"curies":[{"name":"wp","href":"https:\/\/api.w.org\/{rel}","templated":true}]}}