{"id":21193,"date":"2018-10-21T09:26:39","date_gmt":"2018-10-21T14:26:39","guid":{"rendered":"http:\/\/summainferno.com\/?p=21193"},"modified":"2018-10-21T09:26:39","modified_gmt":"2018-10-21T14:26:39","slug":"as-i-lay-dying-fuera-del-cartel-de-resurrection-fest-espana","status":"publish","type":"post","link":"https:\/\/summainferno.com\/en\/as-i-lay-dying-fuera-del-cartel-de-resurrection-fest-espana\/","title":{"rendered":"As I Lay Dying fuera del cartel de Resurrection Fest (Espa\u00f1a)"},"content":{"rendered":"<p>La organizaci\u00f3n del festival espa\u00f1ol <strong>Resurrection Fest<\/strong> ha decidido quitar de su cartel a la banda estadounidense <strong>As I Lay Dying<\/strong> tras m\u00faltiples reclamos sobre violencia de g\u00e9nero. El vocalista de la banda, <strong>Tim Lambesis<\/strong>, fue acusado y condenado en 2013 por contratar a un sicario para asesinar a su esposa; fue puesto en libertad en febrero de 2017.<\/p>\n<p>Puedes leer el comunicado oficial, <a href=\"http:\/\/www.resurrectionfest.es\/comunicado-de-la-organizacion-del-resurrection-fest\" target=\"_blank\" rel=\"noopener\">here<\/a>.<\/p>\n<p><i>&#8220;La decisi\u00f3n de haber inclu\u00eddo a la banda As I Lay Dying en la edici\u00f3n de este a\u00f1o, al igual que har\u00e1n muchos otros de los principales festivales europeos, es que creemos en la reinserci\u00f3n social y en el derecho a las personas a rehabilitarse tras haber cumplido una condena. Entendemos que esta opini\u00f3n que tenemos desde la organizaci\u00f3n del festival es compartida por una gran parte de los asistentes al festival que solicitaron a la banda en las encuestas.<\/i><\/p>\n<p><i>Ante el debate y la divisi\u00f3n surgida entre los asistentes, y con el fin de mantener el ambiente reinante de concordia entre toda la comunidad del festival, finalmente hemos tomado la decisi\u00f3n tras hablar con la banda de no incluir a As I Lay Dying en el cartel de este edici\u00f3n.&#8221;<\/i><\/p>\n<p><strong>Resurrection Fest 2019<\/strong> se llevar\u00e1 a cabo los d\u00edas 3, 4, 5 y 6 de julio en Viveiro, Espa\u00f1a y hasta el momento ha anunciado que bandas como <strong>Parkway drive<\/strong>, <strong>Trivium<\/strong>, <strong>Within Temptation y<\/strong> <strong>Testament<\/strong> son parte de su cartel. Los boletos ya est\u00e1n disponibles.<\/p>\n<p><img decoding=\"async\" loading=\"lazy\" class=\"wp-image-21192 aligncenter size-full\" src=\"http:\/\/summainferno.com\/wp-content\/uploads\/2018\/10\/FB_IMG_1539892118955.jpg\" width=\"1270\" height=\"1875\" alt=\"\" title=\"\"><noscript><img decoding=\"async\" class=\"wp-image-21192 aligncenter size-full\" src=\"http:\/\/summainferno.com\/wp-content\/uploads\/2018\/10\/FB_IMG_1539892118955.jpg\" width=\"1270\" height=\"1875\" alt=\"\" title=\"\"><\/noscript><\/p>","protected":false},"excerpt":{"rendered":"<p>La organizaci\u00f3n del festival espa\u00f1ol Resurrection Fest ha decidido quitar de su cartel a la banda estadounidense As I Lay Dying tras m\u00faltiples reclamos sobre violencia de g\u00e9nero. El vocalista de la banda, Tim Lambesis, fue acusado y condenado en 2013 por contratar a un sicario para asesinar a su esposa; fue puesto en libertad en febrero de 2017. Puedes leer el comunicado oficial, aqu\u00ed. &#8220;La decisi\u00f3n de haber inclu\u00eddo a la banda As I Lay Dying en la edici\u00f3n [&hellip;]<\/p>\n","protected":false},"author":1,"featured_media":21191,"comment_status":"open","ping_status":"open","sticky":false,"template":"","format":"standard","meta":{"footnotes":""},"categories":[1324,1328,1543,260],"tags":[476,580,1372,1570],"class_list":["post-21193","post","type-post","status-publish","format-standard","has-post-thumbnail","hentry","category-europa","category-internacional-2","category-internacional-festival","category-new","tag-476","tag-as-i-lay-dying","tag-resurrection-fest","tag-tim-lambesis"],"_links":{"self":[{"href":"https:\/\/summainferno.com\/en\/wp-json\/wp\/v2\/posts\/21193","targetHints":{"allow":["GET"]}}],"collection":[{"href":"https:\/\/summainferno.com\/en\/wp-json\/wp\/v2\/posts"}],"about":[{"href":"https:\/\/summainferno.com\/en\/wp-json\/wp\/v2\/types\/post"}],"author":[{"embeddable":true,"href":"https:\/\/summainferno.com\/en\/wp-json\/wp\/v2\/users\/1"}],"replies":[{"embeddable":true,"href":"https:\/\/summainferno.com\/en\/wp-json\/wp\/v2\/comments?post=21193"}],"version-history":[{"count":0,"href":"https:\/\/summainferno.com\/en\/wp-json\/wp\/v2\/posts\/21193\/revisions"}],"wp:featuredmedia":[{"embeddable":true,"href":"https:\/\/summainferno.com\/en\/wp-json\/"}],"wp:attachment":[{"href":"https:\/\/summainferno.com\/en\/wp-json\/wp\/v2\/media?parent=21193"}],"wp:term":[{"taxonomy":"category","embeddable":true,"href":"https:\/\/summainferno.com\/en\/wp-json\/wp\/v2\/categories?post=21193"},{"taxonomy":"post_tag","embeddable":true,"href":"https:\/\/summainferno.com\/en\/wp-json\/wp\/v2\/tags?post=21193"}],"curies":[{"name":"wp","href":"https:\/\/api.w.org\/{rel}","templated":true}]}}