{"id":20977,"date":"2018-10-04T17:27:12","date_gmt":"2018-10-04T17:27:12","guid":{"rendered":"http:\/\/summainferno.com\/?p=20977"},"modified":"2019-07-13T05:28:26","modified_gmt":"2019-07-13T05:28:26","slug":"si-yo-puedo-inspirar-a-las-personas-ya-siento-que-logre-algo-aj-channer-fire-from-the-gods","status":"publish","type":"post","link":"https:\/\/summainferno.com\/en\/si-yo-puedo-inspirar-a-las-personas-ya-siento-que-logre-algo-aj-channer-fire-from-the-gods\/","title":{"rendered":"&#8216;Si yo puedo inspirar a las personas ya siento que logr\u00e9 algo&#8217;: AJ Channer, Fire From The Gods"},"content":{"rendered":"<p><strong>Fire From The Gods<\/strong> es sin duda una de las bandas j\u00f3venes con mucha presencia en el escenario que no te puedes perder en <strong>Force Fest.<\/strong><\/p>\n<p>Platicamos un poco con\u00a0<b>AJ Channer <\/b>sobre el inicio de la banda y sus expectativas de este festival.<\/p>\n<p>&nbsp;<\/p>\n<p><b>Todos los miembros de la banda son de diferentes partes del mundo \u00bfC\u00f3mo se conocieron?<\/b><\/p>\n<p><span style=\"font-weight: 400;\">Hace m\u00e1s o menos cuatro a\u00f1os estaba en una banda en Brooklyn, <\/span><b>Fire From The Gods<\/b><span style=\"font-weight: 400;\"> hab\u00edan perdido a su vocalista entonces me dijeron que intentara entrar a la banda y viaj\u00e9 de Nueva York a Texas y nos complementamos muy bien, ya no regres\u00e9 a Nueva York y ah\u00ed empez\u00f3 todo.<\/span><\/p>\n<p><b>Algunos podr\u00edan describir su m\u00fasica como rap-metal \u00bfC\u00f3mo la describir\u00edas t\u00fa?<\/b><\/p>\n<p><span style=\"font-weight: 400;\">Yo creo que tiene elementos de <\/span><i><span style=\"font-weight: 400;\">rap<\/span><\/i><span style=\"font-weight: 400;\">, muchos le han llamado<\/span><i><span style=\"font-weight: 400;\"> rap-metal<\/span><\/i><span style=\"font-weight: 400;\">, tiene varios elementos pero me gusta llamarlo <\/span><i><span style=\"font-weight: 400;\">heavy rock<\/span><\/i><span style=\"font-weight: 400;\">. Algunas personas le llaman soul metal por mi color de piel y canto, pero realmente es <\/span><i><span style=\"font-weight: 400;\">heavy rock.<\/span><\/i><\/p>\n<p><b>\u00bfCu\u00e1l es la historia detr\u00e1s de la canci\u00f3n \u2018Lifeline\u2019 y qu\u00e9 es lo que te inspira musical y l\u00edricamente? <\/b><\/p>\n<p><span style=\"font-weight: 400;\">Hace muchos a\u00f1os pas\u00e9 por un episodio muy malo, tuve problemas de depresi\u00f3n, de drogas, problemas con alcohol, era muy infeliz, casi me suicidio, entonces por eso escrib\u00ed la letra, ten\u00eda que ver todo por mi vida, ten\u00eda que ver dentro de mi, no buscar en Dios la respuesta, o en una novia, todo depend\u00eda realmente de mi, por eso escrib\u00ed \u2018Lifeline\u2019.<\/span><\/p>\n<p><span style=\"font-weight: 400;\">Y para escribir las letras me inspira lo que nos atormenta a todos, lo que atormenta a las personas. Vivimos en un mundo donde todos dependen de la pol\u00edtica, donde le roban a las personas, donde hay guerras por culpa del dinero. Entonces b\u00e1sicamente hablo de ese tipo de tem\u00e1ticas, de todas las luchas que las personas enfrentan en su vida.<\/span><\/p>\n<p><b>\u00bfQu\u00e9 es lo m\u00e1s valioso que te ha dicho un fan sobre tu m\u00fasica?<\/b><\/p>\n<p><span style=\"font-weight: 400;\">Cuando alguien me dice que le hice el d\u00eda o me comentan que nuestra m\u00fasica es una inspiraci\u00f3n para ellos, se me hace incre\u00edble, si yo puedo inspirar a las personas ya siento que logr\u00e9 algo.<\/span><\/p>\n<p><b>Actualmente, \u00bfest\u00e1n preparando nuevo material?<\/b><\/p>\n<p><span style=\"font-weight: 400;\">S\u00ed, en este momento estamos preparando cosas nuevas, estamos escribiendo mucho y esperamos tener algo chido para el 2019.<\/span><\/p>\n<p><img decoding=\"async\" loading=\"lazy\" class=\"size-full wp-image-20981 alignright\" src=\"http:\/\/summainferno.com\/wp-content\/uploads\/2018\/10\/ajchanner.jpg\" alt=\"\" width=\"960\" height=\"640\" title=\"\"><noscript><img decoding=\"async\" class=\"size-full wp-image-20981 alignright\" src=\"http:\/\/summainferno.com\/wp-content\/uploads\/2018\/10\/ajchanner.jpg\" alt=\"\" width=\"960\" height=\"640\" title=\"\"><\/noscript><\/p>\n<p><b>Creo que tienen el potencial de ser una banda con m\u00e1s reconocimiento, \u00bfC\u00f3mo se han sentido en este camino?<\/b><\/p>\n<p><span style=\"font-weight: 400;\">Siento que hemos estado bien pero podemos ser mucho mejores, me gustar\u00eda hacer m\u00e1s cosas, como sonar m\u00e1s en las radios de Latinoam\u00e9rica y en m\u00e1s lugares. Tambi\u00e9n quiero hacer un show en Jamaica, muchos nos escuchan ah\u00ed. <\/span><\/p>\n<p><b>Nos podr\u00edas decir un poco m\u00e1s de la situaci\u00f3n actual del gobierno de Trump? \u00bfQu\u00e9 es lo que piensas? \u00bfcrees que esto tiene un impacto en la m\u00fasica?<\/b><\/p>\n<p><span style=\"font-weight: 400;\">El general la pol\u00edtica tiene un gran impacto en la m\u00fasica, pero creo que estamos en una \u00e9poca en donde la gente no sabe d\u00f3nde est\u00e1 parada y muchos m\u00fasicos no saben qu\u00e9 lado elegir, hay mucho de donde escoger y nadie quiere elegir un bando, la gente solo quiere vivir sus vidas y no lidiar con cosas sobre pol\u00edtica. Estoy en desacuerdo con muchas de las cosas que suceden y definitivamente afecta nuestra m\u00fasica.<\/span><\/p>\n<p><b>\u00bfCu\u00e1les son tus expectativas del Force Fest y de la audiencia mexicana?<\/b><\/p>\n<p><span style=\"font-weight: 400;\">Solo quiero que la gente entienda nuestro mensaje, estuvimos en M\u00e9xico el a\u00f1o pasado y la pasamos muy bien, el p\u00fablico es fant\u00e1stico y estuvimos muy contentos con todo, esperamos que sea as\u00ed nuevamente, \u00a1estamos emocionados!<\/span><\/p>","protected":false},"excerpt":{"rendered":"<p>Fire From The Gods es sin duda una de las bandas j\u00f3venes con mucha presencia en el escenario que no te puedes perder en Force Fest. Platicamos un poco con\u00a0AJ Channer sobre el inicio de la banda y sus expectativas de este festival. &nbsp; Todos los miembros de la banda son de diferentes partes del mundo \u00bfC\u00f3mo se conocieron? Hace m\u00e1s o menos cuatro a\u00f1os estaba en una banda en Brooklyn, Fire From The Gods hab\u00edan perdido a su vocalista [&hellip;]<\/p>\n","protected":false},"author":11,"featured_media":21548,"comment_status":"open","ping_status":"open","sticky":false,"template":"","format":"standard","meta":{"footnotes":""},"categories":[445,31],"tags":[],"class_list":["post-20977","post","type-post","status-publish","format-standard","has-post-thumbnail","hentry","category-entrevistas","category-metal"],"_links":{"self":[{"href":"https:\/\/summainferno.com\/en\/wp-json\/wp\/v2\/posts\/20977","targetHints":{"allow":["GET"]}}],"collection":[{"href":"https:\/\/summainferno.com\/en\/wp-json\/wp\/v2\/posts"}],"about":[{"href":"https:\/\/summainferno.com\/en\/wp-json\/wp\/v2\/types\/post"}],"author":[{"embeddable":true,"href":"https:\/\/summainferno.com\/en\/wp-json\/wp\/v2\/users\/11"}],"replies":[{"embeddable":true,"href":"https:\/\/summainferno.com\/en\/wp-json\/wp\/v2\/comments?post=20977"}],"version-history":[{"count":0,"href":"https:\/\/summainferno.com\/en\/wp-json\/wp\/v2\/posts\/20977\/revisions"}],"wp:featuredmedia":[{"embeddable":true,"href":"https:\/\/summainferno.com\/en\/wp-json\/"}],"wp:attachment":[{"href":"https:\/\/summainferno.com\/en\/wp-json\/wp\/v2\/media?parent=20977"}],"wp:term":[{"taxonomy":"category","embeddable":true,"href":"https:\/\/summainferno.com\/en\/wp-json\/wp\/v2\/categories?post=20977"},{"taxonomy":"post_tag","embeddable":true,"href":"https:\/\/summainferno.com\/en\/wp-json\/wp\/v2\/tags?post=20977"}],"curies":[{"name":"wp","href":"https:\/\/api.w.org\/{rel}","templated":true}]}}