{"id":20597,"date":"2018-09-17T11:20:57","date_gmt":"2018-09-17T16:20:57","guid":{"rendered":"http:\/\/summainferno.com\/?p=20597"},"modified":"2018-09-17T11:20:57","modified_gmt":"2018-09-17T16:20:57","slug":"el-nuevo-album-de-rammstein-esta-casi-listo","status":"publish","type":"post","link":"https:\/\/summainferno.com\/en\/el-nuevo-album-de-rammstein-esta-casi-listo\/","title":{"rendered":"El nuevo \u00e1lbum de Rammstein est\u00e1 &#8220;casi listo&#8221;"},"content":{"rendered":"<p>Through their social networks, <strong>Rammstein<\/strong> ha informado que la grabaci\u00f3n de su s\u00e9ptimo \u00e1lbum de estudio est\u00e1 &#8220;casi listo&#8221;, al mismo tiempo que da a conocer que se grabaron las partes orquestales y los coros del disco en Minsk, Bielorrusia.<\/p>\n<p>Seg\u00fan informaci\u00f3n de Universal Music Alemania, el \u00e1lbum estar\u00eda disponible en el primer trimestre de 2019, seguido de una gira mundial para promocionarlo.<\/p>\n<p><strong>Rammstein<\/strong> volver\u00e1 a M\u00e9xico a finales de a\u00f1o para celebrar en Puerto Vallarta con un par de conciertos exclusivos el 31 de diciembre y 2 de enero, con un aforo limitado de 5 000 personas. Los boletos ya est\u00e1n disponibles.<\/p>\n<p><img decoding=\"async\" loading=\"lazy\" src=\"http:\/\/summainferno.com\/wp-content\/uploads\/2018\/09\/FB_IMG_1537192422764.jpg\" class=\"wp-image-20594 alignnone size-full\" width=\"1280\" height=\"855\" data-temp-aztec-id=\"f6512c33-d5fe-49b2-a6ae-dce726fdde70\" alt=\"\" title=\"\"><noscript><img decoding=\"async\" src=\"http:\/\/summainferno.com\/wp-content\/uploads\/2018\/09\/FB_IMG_1537192422764.jpg\" class=\"wp-image-20594 alignnone size-full\" width=\"1280\" height=\"855\" data-temp-aztec-id=\"f6512c33-d5fe-49b2-a6ae-dce726fdde70\" alt=\"\" title=\"\"><\/noscript><\/p>\n<p><img decoding=\"async\" loading=\"lazy\" src=\"http:\/\/summainferno.com\/wp-content\/uploads\/2018\/09\/FB_IMG_1537192420202.jpg\" class=\"wp-image-20595 alignnone size-full\" width=\"1280\" height=\"855\" alt=\"\" title=\"\"><noscript><img decoding=\"async\" src=\"http:\/\/summainferno.com\/wp-content\/uploads\/2018\/09\/FB_IMG_1537192420202.jpg\" class=\"wp-image-20595 alignnone size-full\" width=\"1280\" height=\"855\" alt=\"\" title=\"\"><\/noscript><\/p>","protected":false},"excerpt":{"rendered":"<p>A trav\u00e9s de sus redes sociales, Rammstein ha informado que la grabaci\u00f3n de su s\u00e9ptimo \u00e1lbum de estudio est\u00e1 &#8220;casi listo&#8221;, al mismo tiempo que da a conocer que se grabaron las partes orquestales y los coros del disco en Minsk, Bielorrusia. Seg\u00fan informaci\u00f3n de Universal Music Alemania, el \u00e1lbum estar\u00eda disponible en el primer trimestre de 2019, seguido de una gira mundial para promocionarlo. Rammstein volver\u00e1 a M\u00e9xico a finales de a\u00f1o para celebrar en Puerto Vallarta con un [&hellip;]<\/p>\n","protected":false},"author":1,"featured_media":20596,"comment_status":"open","ping_status":"open","sticky":false,"template":"","format":"standard","meta":{"footnotes":""},"categories":[31,260],"tags":[476,9,278],"class_list":["post-20597","post","type-post","status-publish","format-standard","has-post-thumbnail","hentry","category-metal","category-new","tag-476","tag-nuevo-album","tag-rammstein"],"_links":{"self":[{"href":"https:\/\/summainferno.com\/en\/wp-json\/wp\/v2\/posts\/20597","targetHints":{"allow":["GET"]}}],"collection":[{"href":"https:\/\/summainferno.com\/en\/wp-json\/wp\/v2\/posts"}],"about":[{"href":"https:\/\/summainferno.com\/en\/wp-json\/wp\/v2\/types\/post"}],"author":[{"embeddable":true,"href":"https:\/\/summainferno.com\/en\/wp-json\/wp\/v2\/users\/1"}],"replies":[{"embeddable":true,"href":"https:\/\/summainferno.com\/en\/wp-json\/wp\/v2\/comments?post=20597"}],"version-history":[{"count":0,"href":"https:\/\/summainferno.com\/en\/wp-json\/wp\/v2\/posts\/20597\/revisions"}],"wp:featuredmedia":[{"embeddable":true,"href":"https:\/\/summainferno.com\/en\/wp-json\/"}],"wp:attachment":[{"href":"https:\/\/summainferno.com\/en\/wp-json\/wp\/v2\/media?parent=20597"}],"wp:term":[{"taxonomy":"category","embeddable":true,"href":"https:\/\/summainferno.com\/en\/wp-json\/wp\/v2\/categories?post=20597"},{"taxonomy":"post_tag","embeddable":true,"href":"https:\/\/summainferno.com\/en\/wp-json\/wp\/v2\/tags?post=20597"}],"curies":[{"name":"wp","href":"https:\/\/api.w.org\/{rel}","templated":true}]}}