{"id":20522,"date":"2018-09-12T18:40:50","date_gmt":"2018-09-12T23:40:50","guid":{"rendered":"http:\/\/summainferno.com\/?p=20522"},"modified":"2018-09-12T18:40:50","modified_gmt":"2018-09-12T23:40:50","slug":"el-nuevo-album-de-rammstein-saldria-a-principios-de-2019-y-uno-de-lindemann","status":"publish","type":"post","link":"https:\/\/summainferno.com\/en\/el-nuevo-album-de-rammstein-saldria-a-principios-de-2019-y-uno-de-lindemann\/","title":{"rendered":"El nuevo \u00e1lbum de Rammstein saldr\u00eda a principios de 2019&#8230; y uno de Lindemann"},"content":{"rendered":"<p>Despu\u00e9s de casi 10 a\u00f1os sin nuevo \u00e1lbum, al parecer por fin solo faltan algunos meses para un un nuevo disco de los alemanes <strong>Rammstein<\/strong>&#8230; y tambi\u00e9n de<strong> Lindemann<\/strong>, el proyecto alterno del cantante de la banda junto al m\u00fasico sueco Peter T\u00e4gtgren.<\/p>\n<p>Y es que seg\u00fan <a href=\"https:\/\/www.bild.de\/unterhaltung\/musik\/musik\/rammstein-til-lindemann-machts-wieder-solo-57213528.bild.html\" target=\"_blank\" rel=\"noopener\">Universal Music Alemania<\/a>, el sucesor de<em> &#8216;Liebe ist f\u00fcr alle da&#8217;<\/em> estar\u00eda disponible en los primeros meses de 2019, mientras que el segundo disco de <strong>Lindemann<\/strong> saldr\u00eda poco despu\u00e9s con la novedad de que estar\u00eda en su totalidad escrito en alem\u00e1n\u00a0 a diferencia de<em> &#8216;Skills in Pills&#8217;<\/em>, el debut de la banda, lanzado en 2015. La mayor\u00eda de las canciones que integrar\u00e1n el \u00e1lbum ser\u00e1n extra\u00eddas de la obra de teatro &#8216;Hansel und Gr\u00e4tel&#8217; que fue musicalizado por el duo.<\/p>\n<p>Mientras esperamos, <strong>Rammstein<\/strong> estar\u00e1 de vuelta en M\u00e9xico para celebrar el fin de a\u00f1o, dando un par de conciertos especiales en las playas de Puerto Vallarta el 31 de diciembre y el 2 de enero, exclusivamente para 5000 personas por show. M\u00e1s informaci\u00f3n, <a href=\"http:\/\/summainferno.com\/rammstein-vuelve-y-cerrara-el-ano-en-las-playas-mexicanas\/\">here<\/a>.<\/p>\n<p>&nbsp;<\/p>\n<p><img decoding=\"async\" loading=\"lazy\" class=\"aligncenter size-full wp-image-20523\" src=\"http:\/\/summainferno.com\/wp-content\/uploads\/2018\/09\/nye_rammstein.jpg\" alt=\"\" width=\"1280\" height=\"720\" title=\"\"><noscript><img decoding=\"async\" class=\"aligncenter size-full wp-image-20523\" src=\"http:\/\/summainferno.com\/wp-content\/uploads\/2018\/09\/nye_rammstein.jpg\" alt=\"\" width=\"1280\" height=\"720\" title=\"\"><\/noscript><\/p>\n<p><img decoding=\"async\" loading=\"lazy\" class=\"aligncenter size-full wp-image-19348\" src=\"http:\/\/summainferno.com\/wp-content\/uploads\/2018\/06\/Mexico-Announcement_Final.jpg\" alt=\"\" width=\"2550\" height=\"3579\" title=\"\"><noscript><img decoding=\"async\" class=\"aligncenter size-full wp-image-19348\" src=\"http:\/\/summainferno.com\/wp-content\/uploads\/2018\/06\/Mexico-Announcement_Final.jpg\" alt=\"\" width=\"2550\" height=\"3579\" title=\"\"><\/noscript><\/p>","protected":false},"excerpt":{"rendered":"<p>Despu\u00e9s de casi 10 a\u00f1os sin nuevo \u00e1lbum, al parecer por fin solo faltan algunos meses para un un nuevo disco de los alemanes Rammstein&#8230; y tambi\u00e9n de Lindemann, el proyecto alterno del cantante de la banda junto al m\u00fasico sueco Peter T\u00e4gtgren. Y es que seg\u00fan Universal Music Alemania, el sucesor de &#8216;Liebe ist f\u00fcr alle da&#8217; estar\u00eda disponible en los primeros meses de 2019, mientras que el segundo disco de Lindemann saldr\u00eda poco despu\u00e9s con la novedad de [&hellip;]<\/p>\n","protected":false},"author":1,"featured_media":20524,"comment_status":"open","ping_status":"open","sticky":false,"template":"","format":"standard","meta":{"footnotes":""},"categories":[111,211,260],"tags":[476,9,278],"class_list":["post-20522","post","type-post","status-publish","format-standard","has-post-thumbnail","hentry","category-destacado","category-industrial","category-new","tag-476","tag-nuevo-album","tag-rammstein"],"_links":{"self":[{"href":"https:\/\/summainferno.com\/en\/wp-json\/wp\/v2\/posts\/20522","targetHints":{"allow":["GET"]}}],"collection":[{"href":"https:\/\/summainferno.com\/en\/wp-json\/wp\/v2\/posts"}],"about":[{"href":"https:\/\/summainferno.com\/en\/wp-json\/wp\/v2\/types\/post"}],"author":[{"embeddable":true,"href":"https:\/\/summainferno.com\/en\/wp-json\/wp\/v2\/users\/1"}],"replies":[{"embeddable":true,"href":"https:\/\/summainferno.com\/en\/wp-json\/wp\/v2\/comments?post=20522"}],"version-history":[{"count":0,"href":"https:\/\/summainferno.com\/en\/wp-json\/wp\/v2\/posts\/20522\/revisions"}],"wp:featuredmedia":[{"embeddable":true,"href":"https:\/\/summainferno.com\/en\/wp-json\/"}],"wp:attachment":[{"href":"https:\/\/summainferno.com\/en\/wp-json\/wp\/v2\/media?parent=20522"}],"wp:term":[{"taxonomy":"category","embeddable":true,"href":"https:\/\/summainferno.com\/en\/wp-json\/wp\/v2\/categories?post=20522"},{"taxonomy":"post_tag","embeddable":true,"href":"https:\/\/summainferno.com\/en\/wp-json\/wp\/v2\/tags?post=20522"}],"curies":[{"name":"wp","href":"https:\/\/api.w.org\/{rel}","templated":true}]}}