{"id":20269,"date":"2018-08-27T13:19:19","date_gmt":"2018-08-27T18:19:19","guid":{"rendered":"http:\/\/summainferno.com\/?p=20269"},"modified":"2018-08-27T13:19:19","modified_gmt":"2018-08-27T18:19:19","slug":"eisbrecher-lanzara-retrospectiva-por-sus-15-anos-de-carrera","status":"publish","type":"post","link":"https:\/\/summainferno.com\/en\/eisbrecher-lanzara-retrospectiva-por-sus-15-anos-de-carrera\/","title":{"rendered":"Eisbrecher to launch retrospective for his 15-year career"},"content":{"rendered":"<p>La banda industrial alemana <strong>Eisbrecher<\/strong> celebra este a\u00f1o su 15 aniversario, por lo que el pr\u00f3ximo 5 de octubre lanzar\u00e1 una retrospectiva de su carrera bajo el nombre <em><strong>&#8216;Ewiges Eis&#8217;<\/strong><\/em>, el cual contendr\u00e1 un CD doble con las mejores treinta y tres canciones de la banda y cinco remixes a cargo de <strong>Aesthetic Perfection<\/strong>, <strong>Neuroticfisch<\/strong>, <strong>[SITD]<\/strong>,<strong> Clawfinger<\/strong> y <strong>Die Krupps<\/strong>.<\/p>\n<p><em><strong>&#8216;Ewiges Eis&#8217;<\/strong> <\/em>ya est\u00e1 disponible en preventa a trav\u00e9s de <a href=\"https:\/\/Eisbrecher.lnk.to\/Ewiges_Eis\" target=\"_blank\" rel=\"noopener\">Amazon Alemania<\/a> en formato digital, CD + libro , vinil y fanbox<\/p>\n<p>&nbsp;<\/p>\n<p><img decoding=\"async\" loading=\"lazy\" class=\"size-full wp-image-20270 aligncenter\" src=\"http:\/\/summainferno.com\/wp-content\/uploads\/2018\/08\/eiswig.jpg\" alt=\"\" width=\"960\" height=\"960\" title=\"\"><noscript><img decoding=\"async\" class=\"size-full wp-image-20270 aligncenter\" src=\"http:\/\/summainferno.com\/wp-content\/uploads\/2018\/08\/eiswig.jpg\" alt=\"\" width=\"960\" height=\"960\" title=\"\"><\/noscript><img decoding=\"async\" loading=\"lazy\" class=\"size-full wp-image-20271 aligncenter\" src=\"http:\/\/summainferno.com\/wp-content\/uploads\/2018\/08\/fanbox.jpg\" alt=\"\" width=\"1500\" height=\"847\" title=\"\"><noscript><img decoding=\"async\" class=\"size-full wp-image-20271 aligncenter\" src=\"http:\/\/summainferno.com\/wp-content\/uploads\/2018\/08\/fanbox.jpg\" alt=\"\" width=\"1500\" height=\"847\" title=\"\"><\/noscript><\/p>\n","protected":false},"excerpt":{"rendered":"<p>La banda industrial alemana Eisbrecher celebra este a\u00f1o su 15 aniversario, por lo que el pr\u00f3ximo 5 de octubre lanzar\u00e1 una retrospectiva de su carrera bajo el nombre &#8216;Ewiges Eis&#8217;, el cual contendr\u00e1 un CD doble con las mejores treinta y tres canciones de la banda y cinco remixes a cargo de Aesthetic Perfection, Neuroticfisch, [SITD], Clawfinger y Die Krupps. &#8216;Ewiges Eis&#8217; ya est\u00e1 disponible en preventa a trav\u00e9s de Amazon Alemania en formato digital, CD + libro , vinil [&hellip;]<\/p>\n","protected":false},"author":1,"featured_media":20272,"comment_status":"open","ping_status":"open","sticky":false,"template":"","format":"standard","meta":{"footnotes":""},"categories":[211,260],"tags":[1642,2132],"class_list":["post-20269","post","type-post","status-publish","format-standard","has-post-thumbnail","hentry","category-industrial","category-new","tag-eisbrecher","tag-ewiges-eis"],"_links":{"self":[{"href":"https:\/\/summainferno.com\/en\/wp-json\/wp\/v2\/posts\/20269","targetHints":{"allow":["GET"]}}],"collection":[{"href":"https:\/\/summainferno.com\/en\/wp-json\/wp\/v2\/posts"}],"about":[{"href":"https:\/\/summainferno.com\/en\/wp-json\/wp\/v2\/types\/post"}],"author":[{"embeddable":true,"href":"https:\/\/summainferno.com\/en\/wp-json\/wp\/v2\/users\/1"}],"replies":[{"embeddable":true,"href":"https:\/\/summainferno.com\/en\/wp-json\/wp\/v2\/comments?post=20269"}],"version-history":[{"count":0,"href":"https:\/\/summainferno.com\/en\/wp-json\/wp\/v2\/posts\/20269\/revisions"}],"wp:featuredmedia":[{"embeddable":true,"href":"https:\/\/summainferno.com\/en\/wp-json\/"}],"wp:attachment":[{"href":"https:\/\/summainferno.com\/en\/wp-json\/wp\/v2\/media?parent=20269"}],"wp:term":[{"taxonomy":"category","embeddable":true,"href":"https:\/\/summainferno.com\/en\/wp-json\/wp\/v2\/categories?post=20269"},{"taxonomy":"post_tag","embeddable":true,"href":"https:\/\/summainferno.com\/en\/wp-json\/wp\/v2\/tags?post=20269"}],"curies":[{"name":"wp","href":"https:\/\/api.w.org\/{rel}","templated":true}]}}