{"id":19631,"date":"2018-07-07T11:51:07","date_gmt":"2018-07-07T16:51:07","guid":{"rendered":"http:\/\/summainferno.com\/?p=19631"},"modified":"2018-07-07T11:51:07","modified_gmt":"2018-07-07T16:51:07","slug":"helloween-arch-enemy-y-kreator-estaran-juntos-en-la-arena-ciudad-de-mexico","status":"publish","type":"post","link":"https:\/\/summainferno.com\/en\/helloween-arch-enemy-y-kreator-estaran-juntos-en-la-arena-ciudad-de-mexico\/","title":{"rendered":"\u00a1Helloween, Arch Enemy y Kreator estar\u00e1n juntos en la Arena Ciudad de M\u00e9xico!"},"content":{"rendered":"<p>Siguen y siguen los grandes anuncios de conciertos en M\u00e9xico. Esta vez, el turno es el regreso de <strong>Helloween<\/strong> con su gira &#8216;<i>Pumpkins United<\/i>&#8216;; sin embargo, no vienen solos pues su show ser\u00e1 precedido por la participaci\u00f3n de los suecos \/ canadienses <strong>Arch Enemy<\/strong> presentado su m\u00e1s reciente producci\u00f3n &#8216;Will To Power&#8217; y de los alemanes <strong>Kreator<\/strong>. El concierto se llevar\u00e1 a cabo el 2 de noviembre en la Arena Ciudad de M\u00e9xico.<\/p>\n<p>La venta de boletos comenzar\u00e1 el d\u00eda 13 de julio a trav\u00e9s de Superboletos y en las taquillas de la Arena.<\/p>\n<p><img decoding=\"async\" loading=\"lazy\" class=\"alignnone wp-image-19630 size-full\" src=\"http:\/\/summainferno.com\/wp-content\/uploads\/2018\/07\/FB_IMG_1530977596062.jpg\" width=\"1364\" height=\"2048\" data-temp-aztec-id=\"1c429e95-9a18-4e75-a329-df6b3bd899c9\" alt=\"\" title=\"\"><noscript><img decoding=\"async\" class=\"alignnone wp-image-19630 size-full\" src=\"http:\/\/summainferno.com\/wp-content\/uploads\/2018\/07\/FB_IMG_1530977596062.jpg\" width=\"1364\" height=\"2048\" data-temp-aztec-id=\"1c429e95-9a18-4e75-a329-df6b3bd899c9\" alt=\"\" title=\"\"><\/noscript><\/p>","protected":false},"excerpt":{"rendered":"<p>Siguen y siguen los grandes anuncios de conciertos en M\u00e9xico. Esta vez, el turno es el regreso de Helloween con su gira &#8216;Pumpkins United&#8216;; sin embargo, no vienen solos pues su show ser\u00e1 precedido por la participaci\u00f3n de los suecos \/ canadienses Arch Enemy presentado su m\u00e1s reciente producci\u00f3n &#8216;Will To Power&#8217; y de los alemanes Kreator. El concierto se llevar\u00e1 a cabo el 2 de noviembre en la Arena Ciudad de M\u00e9xico. La venta de boletos comenzar\u00e1 el d\u00eda [&hellip;]<\/p>\n","protected":false},"author":1,"featured_media":19629,"comment_status":"open","ping_status":"open","sticky":false,"template":"","format":"standard","meta":{"footnotes":""},"categories":[31,260],"tags":[257,768,165,1138,1147,25],"class_list":["post-19631","post","type-post","status-publish","format-standard","has-post-thumbnail","hentry","category-metal","category-new","tag-257","tag-arch-enemy","tag-arena-ciudad-de-mexico","tag-helloween","tag-kreator","tag-mexico"],"_links":{"self":[{"href":"https:\/\/summainferno.com\/en\/wp-json\/wp\/v2\/posts\/19631","targetHints":{"allow":["GET"]}}],"collection":[{"href":"https:\/\/summainferno.com\/en\/wp-json\/wp\/v2\/posts"}],"about":[{"href":"https:\/\/summainferno.com\/en\/wp-json\/wp\/v2\/types\/post"}],"author":[{"embeddable":true,"href":"https:\/\/summainferno.com\/en\/wp-json\/wp\/v2\/users\/1"}],"replies":[{"embeddable":true,"href":"https:\/\/summainferno.com\/en\/wp-json\/wp\/v2\/comments?post=19631"}],"version-history":[{"count":0,"href":"https:\/\/summainferno.com\/en\/wp-json\/wp\/v2\/posts\/19631\/revisions"}],"wp:featuredmedia":[{"embeddable":true,"href":"https:\/\/summainferno.com\/en\/wp-json\/"}],"wp:attachment":[{"href":"https:\/\/summainferno.com\/en\/wp-json\/wp\/v2\/media?parent=19631"}],"wp:term":[{"taxonomy":"category","embeddable":true,"href":"https:\/\/summainferno.com\/en\/wp-json\/wp\/v2\/categories?post=19631"},{"taxonomy":"post_tag","embeddable":true,"href":"https:\/\/summainferno.com\/en\/wp-json\/wp\/v2\/tags?post=19631"}],"curies":[{"name":"wp","href":"https:\/\/api.w.org\/{rel}","templated":true}]}}