{"id":19117,"date":"2018-05-29T21:37:17","date_gmt":"2018-05-30T02:37:17","guid":{"rendered":"http:\/\/summainferno.com\/?p=19117"},"modified":"2018-05-29T21:37:17","modified_gmt":"2018-05-30T02:37:17","slug":"kamelot-estreno-video-amnesiac","status":"publish","type":"post","link":"https:\/\/summainferno.com\/en\/kamelot-estreno-video-amnesiac\/","title":{"rendered":"KAMELOT estreno video, &#8216;Amnesiac&#8217;"},"content":{"rendered":"<p>La banda estadounidense de power metal <b>Kamelot<\/b> ha estrenado el video oficial del tema &#8216;<i>Amnesiac<\/i>&#8216;, canci\u00f3n que forma parte de su m\u00e1s reciente producci\u00f3n, <i><b>&#8216;The Shadow Theory&#8217; <\/b><\/i>que sali\u00f3 el pasado 6 de abril. El video es obra del director Ivan Colic.<\/p>\n<p><i><b>&#8216;The Shadow Theory&#8217;<\/b><\/i> fue producido por Sascha Paeth y es el primer disco de Kamelot desde el lanzamiento de &#8216;<i>Heaven<\/i>&#8216; en 2015.<\/p>\n<p>&nbsp;<\/p>\n<p><iframe class=\"zeen-lazy-load-base zeen-lazy-load\" width=\"1200\" height=\"675\" src=\"about:blank\" data-lazy-src=\"https:\/\/www.youtube.com\/embed\/MsGDBwMVBas?feature=oembed\" frameborder=\"0\" allow=\"autoplay; encrypted-media\" allowfullscreen><\/iframe><noscript><iframe width=\"1200\" height=\"675\" src=\"https:\/\/www.youtube.com\/embed\/MsGDBwMVBas?feature=oembed\" frameborder=\"0\" allow=\"autoplay; encrypted-media\" allowfullscreen><\/iframe><\/noscript><\/p>\n<p><img decoding=\"async\" loading=\"lazy\" class=\"alignnone wp-image-19116 size-full\" src=\"http:\/\/summainferno.com\/wp-content\/uploads\/2018\/05\/1000x1000-3.jpg\" width=\"1000\" height=\"1000\" alt=\"\" title=\"\"><noscript><img decoding=\"async\" class=\"alignnone wp-image-19116 size-full\" src=\"http:\/\/summainferno.com\/wp-content\/uploads\/2018\/05\/1000x1000-3.jpg\" width=\"1000\" height=\"1000\" alt=\"\" title=\"\"><\/noscript><\/p>","protected":false},"excerpt":{"rendered":"<p>La banda estadounidense de power metal Kamelot ha estrenado el video oficial del tema &#8216;Amnesiac&#8216;, canci\u00f3n que forma parte de su m\u00e1s reciente producci\u00f3n, &#8216;The Shadow Theory&#8217; que sali\u00f3 el pasado 6 de abril. El video es obra del director Ivan Colic. &#8216;The Shadow Theory&#8217; fue producido por Sascha Paeth y es el primer disco de Kamelot desde el lanzamiento de &#8216;Heaven&#8216; en 2015. &nbsp;<\/p>","protected":false},"author":1,"featured_media":19115,"comment_status":"open","ping_status":"open","sticky":false,"template":"","format":"standard","meta":{"footnotes":""},"categories":[260,1349],"tags":[2110,1623],"class_list":["post-19117","post","type-post","status-publish","format-standard","has-post-thumbnail","hentry","category-new","category-power-metal","tag-amnesiac","tag-kamelot"],"_links":{"self":[{"href":"https:\/\/summainferno.com\/en\/wp-json\/wp\/v2\/posts\/19117","targetHints":{"allow":["GET"]}}],"collection":[{"href":"https:\/\/summainferno.com\/en\/wp-json\/wp\/v2\/posts"}],"about":[{"href":"https:\/\/summainferno.com\/en\/wp-json\/wp\/v2\/types\/post"}],"author":[{"embeddable":true,"href":"https:\/\/summainferno.com\/en\/wp-json\/wp\/v2\/users\/1"}],"replies":[{"embeddable":true,"href":"https:\/\/summainferno.com\/en\/wp-json\/wp\/v2\/comments?post=19117"}],"version-history":[{"count":0,"href":"https:\/\/summainferno.com\/en\/wp-json\/wp\/v2\/posts\/19117\/revisions"}],"wp:featuredmedia":[{"embeddable":true,"href":"https:\/\/summainferno.com\/en\/wp-json\/"}],"wp:attachment":[{"href":"https:\/\/summainferno.com\/en\/wp-json\/wp\/v2\/media?parent=19117"}],"wp:term":[{"taxonomy":"category","embeddable":true,"href":"https:\/\/summainferno.com\/en\/wp-json\/wp\/v2\/categories?post=19117"},{"taxonomy":"post_tag","embeddable":true,"href":"https:\/\/summainferno.com\/en\/wp-json\/wp\/v2\/tags?post=19117"}],"curies":[{"name":"wp","href":"https:\/\/api.w.org\/{rel}","templated":true}]}}