{"id":19097,"date":"2018-05-28T11:16:49","date_gmt":"2018-05-28T16:16:49","guid":{"rendered":"http:\/\/summainferno.com\/?p=19097"},"modified":"2018-05-28T11:16:49","modified_gmt":"2018-05-28T16:16:49","slug":"victor-brandt-se-une-a-dimmu-borgir","status":"publish","type":"post","link":"https:\/\/summainferno.com\/en\/victor-brandt-se-une-a-dimmu-borgir\/","title":{"rendered":"Victor Brandt se une a DIMMU BORGIR"},"content":{"rendered":"<p><strong>Victor Brandt<\/strong>bassist\u00a0 <strong>Entombed AD<\/strong> ha sido reclutado por <strong>Dimmu Borgir<\/strong> de manera oficial para la primera gira mundial de la banda desde 2014, promocionando su m\u00e1s recienta \u00e1lbum de estudio,<em><strong> &#8216;Eonian&#8217;<\/strong><\/em>.\u00a0<em>&#8220;\u00a1Estamos muy emocionados de que V\u00edctor se convierta en parte del equipo! \u00a1Su experiencia, dedicaci\u00f3n y artesan\u00eda es muy apreciada y esperamos compartir la gira mundial con \u00e9l!&#8221;\u00a0<\/em>dice la banda sobre <strong>Brandt<\/strong>.<\/p>\n<p>A su vez, Victor tambi\u00e9n se declar\u00f3 feliz y complacido de ser parte de <strong>Dimmu Borgir<\/strong> en esta nueva etapa. <em>&#8220;Es un gran honor y un placer ser parte de Dimmu Borgir. Y a\u00fan m\u00e1s siendo parte del lanzamiento de su m\u00e1s reciente disco, &#8216;Eonian&#8217;, que en mi opini\u00f3n es su mejor \u00e1lbum hasta la fecha.&#8221;<\/em><\/p>\n<p><strong>Dimmu Borgir<\/strong> estar\u00e1 de vuelta en M\u00e9xico el pr\u00f3ximo 17 de noviembre en el Circo Volador, siendo la \u00fanica fecha que dar\u00e1n en el pa\u00eds. Los boletos ya est\u00e1n a la venta a trav\u00e9s de Superboletos y en las taquillas del recinto.<\/p>\n<p>&nbsp;<\/p>\n<p><img decoding=\"async\" loading=\"lazy\" class=\"aligncenter wp-image-19098\" src=\"http:\/\/summainferno.com\/wp-content\/uploads\/2018\/05\/vb_dimmu.jpg\" alt=\"\" width=\"840\" height=\"1120\" title=\"\"><noscript><img decoding=\"async\" class=\"aligncenter wp-image-19098\" src=\"http:\/\/summainferno.com\/wp-content\/uploads\/2018\/05\/vb_dimmu.jpg\" alt=\"\" width=\"840\" height=\"1120\" title=\"\"><\/noscript><\/p>\n<p><img decoding=\"async\" loading=\"lazy\" class=\"aligncenter size-full wp-image-18233\" src=\"http:\/\/summainferno.com\/wp-content\/uploads\/2018\/04\/FB_IMG_1522983990011.jpg\" alt=\"\" width=\"1000\" height=\"1500\" title=\"\"><noscript><img decoding=\"async\" class=\"aligncenter size-full wp-image-18233\" src=\"http:\/\/summainferno.com\/wp-content\/uploads\/2018\/04\/FB_IMG_1522983990011.jpg\" alt=\"\" width=\"1000\" height=\"1500\" title=\"\"><\/noscript><\/p>","protected":false},"excerpt":{"rendered":"<p>Victor Brandt, bajista de\u00a0 Entombed AD ha sido reclutado por Dimmu Borgir de manera oficial para la primera gira mundial de la banda desde 2014, promocionando su m\u00e1s recienta \u00e1lbum de estudio, &#8216;Eonian&#8217;.\u00a0&#8220;\u00a1Estamos muy emocionados de que V\u00edctor se convierta en parte del equipo! \u00a1Su experiencia, dedicaci\u00f3n y artesan\u00eda es muy apreciada y esperamos compartir la gira mundial con \u00e9l!&#8221;\u00a0dice la banda sobre Brandt. A su vez, Victor tambi\u00e9n se declar\u00f3 feliz y complacido de ser parte de Dimmu Borgir [&hellip;]<\/p>\n","protected":false},"author":1,"featured_media":19100,"comment_status":"open","ping_status":"open","sticky":false,"template":"","format":"standard","meta":{"footnotes":""},"categories":[1207,260],"tags":[1281],"class_list":["post-19097","post","type-post","status-publish","format-standard","has-post-thumbnail","hentry","category-black-metal","category-new","tag-dimmu-borgir"],"_links":{"self":[{"href":"https:\/\/summainferno.com\/en\/wp-json\/wp\/v2\/posts\/19097","targetHints":{"allow":["GET"]}}],"collection":[{"href":"https:\/\/summainferno.com\/en\/wp-json\/wp\/v2\/posts"}],"about":[{"href":"https:\/\/summainferno.com\/en\/wp-json\/wp\/v2\/types\/post"}],"author":[{"embeddable":true,"href":"https:\/\/summainferno.com\/en\/wp-json\/wp\/v2\/users\/1"}],"replies":[{"embeddable":true,"href":"https:\/\/summainferno.com\/en\/wp-json\/wp\/v2\/comments?post=19097"}],"version-history":[{"count":0,"href":"https:\/\/summainferno.com\/en\/wp-json\/wp\/v2\/posts\/19097\/revisions"}],"wp:featuredmedia":[{"embeddable":true,"href":"https:\/\/summainferno.com\/en\/wp-json\/"}],"wp:attachment":[{"href":"https:\/\/summainferno.com\/en\/wp-json\/wp\/v2\/media?parent=19097"}],"wp:term":[{"taxonomy":"category","embeddable":true,"href":"https:\/\/summainferno.com\/en\/wp-json\/wp\/v2\/categories?post=19097"},{"taxonomy":"post_tag","embeddable":true,"href":"https:\/\/summainferno.com\/en\/wp-json\/wp\/v2\/tags?post=19097"}],"curies":[{"name":"wp","href":"https:\/\/api.w.org\/{rel}","templated":true}]}}