{"id":18731,"date":"2018-05-07T14:40:07","date_gmt":"2018-05-07T19:40:07","guid":{"rendered":"http:\/\/summainferno.com\/?p=18731"},"modified":"2018-05-07T14:40:07","modified_gmt":"2018-05-07T19:40:07","slug":"tenacious-d-confirmo-secuela-de-the-pick-of-destiny","status":"publish","type":"post","link":"https:\/\/summainferno.com\/en\/tenacious-d-confirmo-secuela-de-the-pick-of-destiny\/","title":{"rendered":"\u00a1TENACIOUS D confirm\u00f3 secuela de &#8216;The Pick of Destiny&#8217;!"},"content":{"rendered":"<p><b>Tenacious D<\/b>, the band confirmed by actors Jack Black and Kyle Gass announced during their participation in the Shaky Knees festival, that a sequel to the film &#039;<i>The Pick of Destiny<\/i>&#039;will be ready in October<i>. &quot;I don&#039;t know where they can see it, but we decided we would do it and it will be out soon.&quot; <\/i>Black said on stage.<\/p>\n<p>The original film was released in 2006 and is considered a cult film for lovers of the genre and it included a remembered cameo by Dave Grohl as Satan himself.<\/p>\n<p><b>Tenacious D<\/b> It was presented for the first time in Mexico last weekend, closing the Alternative Stage of the Corona Hell And Heaven 2018 festival with great success.<\/p>\n<p>&nbsp;<\/p>\n<p>&nbsp;<\/p>\n<p><iframe class=\"zeen-lazy-load-base zeen-lazy-load\" width=\"1200\" height=\"900\" src=\"about:blank\" data-lazy-src=\"https:\/\/www.youtube.com\/embed\/a9GT9YgDfKU?feature=oembed\" frameborder=\"0\" allow=\"autoplay; encrypted-media\" allowfullscreen><\/iframe><noscript><iframe width=\"1200\" height=\"900\" src=\"https:\/\/www.youtube.com\/embed\/a9GT9YgDfKU?feature=oembed\" frameborder=\"0\" allow=\"autoplay; encrypted-media\" allowfullscreen><\/iframe><\/noscript><\/p>","protected":false},"excerpt":{"rendered":"<p>Tenacious D, la banda confirmada por los actores Jack Black y Kyle Gass anunciaron durante su participaci\u00f3n en el festival Shaky Knees, que una secuela de la pel\u00edcula &#8216;The Pick of Destiny&#8216; estar\u00e1 lista en Octubre. &#8220;No se por donde podr\u00e1n verla, pero decidimos que la har\u00edamos y saldr\u00e1 pronto.&#8221; dijo Black sobre el escenario. La pel\u00edcula original fue lanzada en 2006 y es considerada una cinta de culto para los amantes del g\u00e9nero y que incluy\u00f3 un recordado cameo [&hellip;]<\/p>\n","protected":false},"author":1,"featured_media":18730,"comment_status":"open","ping_status":"open","sticky":false,"template":"","format":"standard","meta":{"footnotes":""},"categories":[260,2],"tags":[420,365],"class_list":["post-18731","post","type-post","status-publish","format-standard","has-post-thumbnail","hentry","category-new","category-rock","tag-pick-of-destiny","tag-tenacious-d"],"_links":{"self":[{"href":"https:\/\/summainferno.com\/en\/wp-json\/wp\/v2\/posts\/18731","targetHints":{"allow":["GET"]}}],"collection":[{"href":"https:\/\/summainferno.com\/en\/wp-json\/wp\/v2\/posts"}],"about":[{"href":"https:\/\/summainferno.com\/en\/wp-json\/wp\/v2\/types\/post"}],"author":[{"embeddable":true,"href":"https:\/\/summainferno.com\/en\/wp-json\/wp\/v2\/users\/1"}],"replies":[{"embeddable":true,"href":"https:\/\/summainferno.com\/en\/wp-json\/wp\/v2\/comments?post=18731"}],"version-history":[{"count":0,"href":"https:\/\/summainferno.com\/en\/wp-json\/wp\/v2\/posts\/18731\/revisions"}],"wp:featuredmedia":[{"embeddable":true,"href":"https:\/\/summainferno.com\/en\/wp-json\/"}],"wp:attachment":[{"href":"https:\/\/summainferno.com\/en\/wp-json\/wp\/v2\/media?parent=18731"}],"wp:term":[{"taxonomy":"category","embeddable":true,"href":"https:\/\/summainferno.com\/en\/wp-json\/wp\/v2\/categories?post=18731"},{"taxonomy":"post_tag","embeddable":true,"href":"https:\/\/summainferno.com\/en\/wp-json\/wp\/v2\/tags?post=18731"}],"curies":[{"name":"wp","href":"https:\/\/api.w.org\/{rel}","templated":true}]}}