{"id":18481,"date":"2018-04-18T12:50:51","date_gmt":"2018-04-18T17:50:51","guid":{"rendered":"http:\/\/summainferno.com\/?p=18481"},"modified":"2018-04-18T12:50:51","modified_gmt":"2018-04-18T17:50:51","slug":"vader-anuncia-gira-por-mexico-en-junio","status":"publish","type":"post","link":"https:\/\/summainferno.com\/en\/vader-anuncia-gira-por-mexico-en-junio\/","title":{"rendered":"VADER anuncia gira por M\u00e9xico en Junio"},"content":{"rendered":"<p>La banda polaca de death metal, <b>Vader<\/b>, ha confirmado una extensa gira por Latinoam\u00e9rica incluyendo 6 fechas dentro de Rep\u00fablica mexicana en junio de este a\u00f1o, celebrando el 25 aniversario de su primer lanzamiento &#8216;<i>The Ultimate Incantation<\/i>&#8216;.<\/p>\n<p>Las ciudades visitadas por los europeos ser\u00e1n Guadalajara, Durango, Monterrey, San Luis Potos\u00ed, Quer\u00e9taro y la Ciudad de M\u00e9xico. Los boletos para todas las presentaciones estar\u00e1n disponibles en breve.<\/p>\n<p><b>Vader<\/b> se fund\u00f3 en el a\u00f1o de 1983 por <b>Piotr Wiwczarek<\/b> en Olsztyn, Polonia y hoy por hoy es una de las bandas m\u00e1s importantes del movimiento Death metal europeo, mientras que su \u00faltimo lanzamiento se realiz\u00f3 en el a\u00f1o 2016 con el \u00e1lbum &#8216;<i><b>The Empire<\/b><\/i>&#8216;.<\/p>\n<p>&nbsp;<\/p>\n<p><img decoding=\"async\" loading=\"lazy\" class=\"wp-image-18479 size-full aligncenter\" src=\"http:\/\/summainferno.com\/wp-content\/uploads\/2018\/04\/FB_IMG_1524073383779.jpg\" width=\"768\" height=\"960\" alt=\"\" title=\"\"><noscript><img decoding=\"async\" class=\"wp-image-18479 size-full aligncenter\" src=\"http:\/\/summainferno.com\/wp-content\/uploads\/2018\/04\/FB_IMG_1524073383779.jpg\" width=\"768\" height=\"960\" alt=\"\" title=\"\"><\/noscript><\/p>","protected":false},"excerpt":{"rendered":"<p>La banda polaca de death metal, Vader, ha confirmado una extensa gira por Latinoam\u00e9rica incluyendo 6 fechas dentro de Rep\u00fablica mexicana en junio de este a\u00f1o, celebrando el 25 aniversario de su primer lanzamiento &#8216;The Ultimate Incantation&#8216;. Las ciudades visitadas por los europeos ser\u00e1n Guadalajara, Durango, Monterrey, San Luis Potos\u00ed, Quer\u00e9taro y la Ciudad de M\u00e9xico. Los boletos para todas las presentaciones estar\u00e1n disponibles en breve. Vader se fund\u00f3 en el a\u00f1o de 1983 por Piotr Wiwczarek en Olsztyn, Polonia [&hellip;]<\/p>\n","protected":false},"author":1,"featured_media":18480,"comment_status":"open","ping_status":"open","sticky":false,"template":"","format":"standard","meta":{"footnotes":""},"categories":[31,260,419],"tags":[257,25,823],"class_list":["post-18481","post","type-post","status-publish","format-standard","has-post-thumbnail","hentry","category-metal","category-new","category-shows-mx","tag-257","tag-mexico","tag-vader"],"_links":{"self":[{"href":"https:\/\/summainferno.com\/en\/wp-json\/wp\/v2\/posts\/18481","targetHints":{"allow":["GET"]}}],"collection":[{"href":"https:\/\/summainferno.com\/en\/wp-json\/wp\/v2\/posts"}],"about":[{"href":"https:\/\/summainferno.com\/en\/wp-json\/wp\/v2\/types\/post"}],"author":[{"embeddable":true,"href":"https:\/\/summainferno.com\/en\/wp-json\/wp\/v2\/users\/1"}],"replies":[{"embeddable":true,"href":"https:\/\/summainferno.com\/en\/wp-json\/wp\/v2\/comments?post=18481"}],"version-history":[{"count":0,"href":"https:\/\/summainferno.com\/en\/wp-json\/wp\/v2\/posts\/18481\/revisions"}],"wp:featuredmedia":[{"embeddable":true,"href":"https:\/\/summainferno.com\/en\/wp-json\/"}],"wp:attachment":[{"href":"https:\/\/summainferno.com\/en\/wp-json\/wp\/v2\/media?parent=18481"}],"wp:term":[{"taxonomy":"category","embeddable":true,"href":"https:\/\/summainferno.com\/en\/wp-json\/wp\/v2\/categories?post=18481"},{"taxonomy":"post_tag","embeddable":true,"href":"https:\/\/summainferno.com\/en\/wp-json\/wp\/v2\/tags?post=18481"}],"curies":[{"name":"wp","href":"https:\/\/api.w.org\/{rel}","templated":true}]}}