{"id":16929,"date":"2017-12-15T10:03:06","date_gmt":"2017-12-15T16:03:06","guid":{"rendered":"http:\/\/summainferno.com\/?p=16929"},"modified":"2017-12-15T10:03:06","modified_gmt":"2017-12-15T16:03:06","slug":"katatonia-se-tomara-una-tiempo-para-reevaluar-el-futuro-de-la-banda","status":"publish","type":"post","link":"https:\/\/summainferno.com\/en\/katatonia-se-tomara-una-tiempo-para-reevaluar-el-futuro-de-la-banda\/","title":{"rendered":"KATATONIA se tomar\u00e1 una tiempo para \u201creevaluar el futuro de la Banda"},"content":{"rendered":"<p>De manera sorpresiva, los suecos <b>Katatonia<\/b> han anunciado que se tomar\u00e1n un descanso para reevaluar el futuro de la banda, adem\u00e1s de cancelar todas las fechas que ten\u00edan programadas en Alemania, Espa\u00f1a, Polonia y Noruego, cerrando de manera anticipada la gira promocional de su \u00faltimo disco,<b><i> &#8216;The Fall of Hearts&#8217;<\/i><\/b>.<\/p>\n<p>&nbsp;<\/p>\n<blockquote><p>&#8220;Despu\u00e9s de nuestras fechas reprogramadas para los pa\u00edses b\u00e1lticos y Rusia en febrero \/ marzo, debido a problemas recientes y lesiones, marcar\u00e1 el final del ciclo de gira de &#8220;The Fall of Hearts&#8221; y despu\u00e9s de mucha deliberaci\u00f3n, hemos decidido que pondremos Katatonia en un hiato de corto plazo.<\/p>\n<p>Necesitamos tomarnos un tiempo para volver a evaluar lo que depara el futuro para la banda. Lamentablemente, esto afectar\u00e1 las fechas de los shows en Noruega, Alemania, Espa\u00f1a y Polonia, as\u00ed que lamentamos profundamente las molestias ocasionadas.&#8221;<\/p><\/blockquote>\n<p>&nbsp;<\/p>\n<p><iframe class=\"zeen-lazy-load-base zeen-lazy-load\" width=\"1200\" height=\"675\" src=\"about:blank\" data-lazy-src=\"https:\/\/www.youtube.com\/embed\/sLmMHYkn-rI?feature=oembed\" frameborder=\"0\" gesture=\"media\" allow=\"encrypted-media\" allowfullscreen><\/iframe><noscript><iframe width=\"1200\" height=\"675\" src=\"https:\/\/www.youtube.com\/embed\/sLmMHYkn-rI?feature=oembed\" frameborder=\"0\" gesture=\"media\" allow=\"encrypted-media\" allowfullscreen><\/iframe><\/noscript><\/p>\n<p>&nbsp;<\/p>","protected":false},"excerpt":{"rendered":"<p>De manera sorpresiva, los suecos Katatonia han anunciado que se tomar\u00e1n un descanso para reevaluar el futuro de la banda, adem\u00e1s de cancelar todas las fechas que ten\u00edan programadas en Alemania, Espa\u00f1a, Polonia y Noruego, cerrando de manera anticipada la gira promocional de su \u00faltimo disco, &#8216;The Fall of Hearts&#8217;. &nbsp; &#8220;Despu\u00e9s de nuestras fechas reprogramadas para los pa\u00edses b\u00e1lticos y Rusia en febrero \/ marzo, debido a problemas recientes y lesiones, marcar\u00e1 el final del ciclo de gira de [&hellip;]<\/p>\n","protected":false},"author":1,"featured_media":16928,"comment_status":"open","ping_status":"open","sticky":false,"template":"","format":"standard","meta":{"footnotes":""},"categories":[31,260],"tags":[978],"class_list":["post-16929","post","type-post","status-publish","format-standard","has-post-thumbnail","hentry","category-metal","category-new","tag-katatonia"],"_links":{"self":[{"href":"https:\/\/summainferno.com\/en\/wp-json\/wp\/v2\/posts\/16929","targetHints":{"allow":["GET"]}}],"collection":[{"href":"https:\/\/summainferno.com\/en\/wp-json\/wp\/v2\/posts"}],"about":[{"href":"https:\/\/summainferno.com\/en\/wp-json\/wp\/v2\/types\/post"}],"author":[{"embeddable":true,"href":"https:\/\/summainferno.com\/en\/wp-json\/wp\/v2\/users\/1"}],"replies":[{"embeddable":true,"href":"https:\/\/summainferno.com\/en\/wp-json\/wp\/v2\/comments?post=16929"}],"version-history":[{"count":0,"href":"https:\/\/summainferno.com\/en\/wp-json\/wp\/v2\/posts\/16929\/revisions"}],"wp:featuredmedia":[{"embeddable":true,"href":"https:\/\/summainferno.com\/en\/wp-json\/"}],"wp:attachment":[{"href":"https:\/\/summainferno.com\/en\/wp-json\/wp\/v2\/media?parent=16929"}],"wp:term":[{"taxonomy":"category","embeddable":true,"href":"https:\/\/summainferno.com\/en\/wp-json\/wp\/v2\/categories?post=16929"},{"taxonomy":"post_tag","embeddable":true,"href":"https:\/\/summainferno.com\/en\/wp-json\/wp\/v2\/tags?post=16929"}],"curies":[{"name":"wp","href":"https:\/\/api.w.org\/{rel}","templated":true}]}}