{"id":16067,"date":"2017-07-15T20:47:32","date_gmt":"2017-07-16T01:47:32","guid":{"rendered":"http:\/\/summainferno.com\/?p=16067"},"modified":"2017-07-15T20:47:32","modified_gmt":"2017-07-16T01:47:32","slug":"arch-enemy-nuevo-video-single-the-world-is-yours","status":"publish","type":"post","link":"https:\/\/summainferno.com\/en\/arch-enemy-nuevo-video-single-the-world-is-yours\/","title":{"rendered":"ARCH ENEMY: Nuevo video \/ single, &#8216;The World Is Yours&#8217;"},"content":{"rendered":"<p><b>Arch Enemy<\/b> ha presentado el video oficial de su nuevo sencillo,<i> &#8216;The World Is Yours&#8217;<\/i>, tema que vendr\u00e1 incluido en su nuevo \u00e1lbum, <i><b>&#8216;Will To Power&#8217;<\/b><\/i>.<br \/>\n&nbsp;<\/p>\n<p><iframe class=\"zeen-lazy-load-base zeen-lazy-load\" width=\"1200\" height=\"675\" src=\"about:blank\" data-lazy-src=\"https:\/\/www.youtube.com\/embed\/lk2-bgwA0Ro?feature=oembed\" frameborder=\"0\" allowfullscreen><\/iframe><noscript><iframe width=\"1200\" height=\"675\" src=\"https:\/\/www.youtube.com\/embed\/lk2-bgwA0Ro?feature=oembed\" frameborder=\"0\" allowfullscreen><\/iframe><\/noscript><br \/>\n&nbsp;<br \/>\n&nbsp;<br \/>\n<i><br \/>\n&#8220;Hemos estado trabajando en el nuevo \u00e1lbum desde hace un buen rato y estamos orgullosos de presentar el primer tema de Arch Enemy en m\u00e1s de tres a\u00f1os&#8221;,<\/i> says the guitarist <b>Michael Amott<\/b>, <i>&#8220;Est\u00e1 fue la primera canci\u00f3n que escrib\u00ed para el disco y fue Daniel Erlandsson quien me ayud\u00f3 con los arreglos y los toques finales, una de muchas canciones que hicimos juntos esta vez. La gente que la ha escuchado dice que tiene la vibra del Arch Enemy de antes y creo que tienen raz\u00f3n &#8230;&#8221;<\/i><\/p>\n<p><i><b>&#8216;Will To Power&#8217; s<\/b><\/i>er\u00e1 lanzado el 8 de Septiembre a trav\u00e9s de Century Media&nbsp;<br \/>\n<i><br \/>\n&nbsp;<\/i><\/p>\n<p><i><a href=\"http:\/\/summainferno.com\/wp-content\/uploads\/2017\/07\/img_7151.jpg\"><img decoding=\"async\" loading=\"lazy\" width=\"1100\" height=\"1100\" alt=\"\" src=\"http:\/\/summainferno.com\/wp-content\/uploads\/2017\/07\/img_7151.jpg\" title=\"\" class=\"aligncenter size-full wp-image-16064\"><noscript><img decoding=\"async\" width=\"1100\" height=\"1100\" alt=\"\" src=\"http:\/\/summainferno.com\/wp-content\/uploads\/2017\/07\/img_7151.jpg\" title=\"\" class=\"aligncenter size-full wp-image-16064\"><\/noscript><\/a><\/i><\/p>\n<p><a href=\"http:\/\/summainferno.com\/wp-content\/uploads\/2017\/07\/img_7602.jpg\"><img decoding=\"async\" loading=\"lazy\" width=\"1136\" height=\"1136\" alt=\"\" src=\"http:\/\/summainferno.com\/wp-content\/uploads\/2017\/07\/img_7602.jpg\" title=\"\" class=\"aligncenter size-full wp-image-16065\"><noscript><img decoding=\"async\" width=\"1136\" height=\"1136\" alt=\"\" src=\"http:\/\/summainferno.com\/wp-content\/uploads\/2017\/07\/img_7602.jpg\" title=\"\" class=\"aligncenter size-full wp-image-16065\"><\/noscript><\/a><\/p>","protected":false},"excerpt":{"rendered":"<p>Arch Enemy ha presentado el video oficial de su nuevo sencillo, &#8216;The World Is Yours&#8217;, tema que vendr\u00e1 incluido en su nuevo \u00e1lbum, &#8216;Will To Power&#8217;. &nbsp; &nbsp; &nbsp; &#8220;Hemos estado trabajando en el nuevo \u00e1lbum desde hace un buen rato y estamos orgullosos de presentar el primer tema de Arch Enemy en m\u00e1s de tres a\u00f1os&#8221;, dice el guitarrista Michael Amott, &#8220;Est\u00e1 fue la primera canci\u00f3n que escrib\u00ed para el disco y fue Daniel Erlandsson quien me ayud\u00f3 con [&hellip;]<\/p>\n","protected":false},"author":1,"featured_media":16066,"comment_status":"open","ping_status":"open","sticky":false,"template":"","format":"standard","meta":{"footnotes":""},"categories":[31,260],"tags":[768,1189,1190],"class_list":["post-16067","post","type-post","status-publish","format-standard","has-post-thumbnail","hentry","category-metal","category-new","tag-arch-enemy","tag-this-world-is-yours","tag-will-to-power"],"_links":{"self":[{"href":"https:\/\/summainferno.com\/en\/wp-json\/wp\/v2\/posts\/16067","targetHints":{"allow":["GET"]}}],"collection":[{"href":"https:\/\/summainferno.com\/en\/wp-json\/wp\/v2\/posts"}],"about":[{"href":"https:\/\/summainferno.com\/en\/wp-json\/wp\/v2\/types\/post"}],"author":[{"embeddable":true,"href":"https:\/\/summainferno.com\/en\/wp-json\/wp\/v2\/users\/1"}],"replies":[{"embeddable":true,"href":"https:\/\/summainferno.com\/en\/wp-json\/wp\/v2\/comments?post=16067"}],"version-history":[{"count":0,"href":"https:\/\/summainferno.com\/en\/wp-json\/wp\/v2\/posts\/16067\/revisions"}],"wp:featuredmedia":[{"embeddable":true,"href":"https:\/\/summainferno.com\/en\/wp-json\/"}],"wp:attachment":[{"href":"https:\/\/summainferno.com\/en\/wp-json\/wp\/v2\/media?parent=16067"}],"wp:term":[{"taxonomy":"category","embeddable":true,"href":"https:\/\/summainferno.com\/en\/wp-json\/wp\/v2\/categories?post=16067"},{"taxonomy":"post_tag","embeddable":true,"href":"https:\/\/summainferno.com\/en\/wp-json\/wp\/v2\/tags?post=16067"}],"curies":[{"name":"wp","href":"https:\/\/api.w.org\/{rel}","templated":true}]}}