{"id":15963,"date":"2017-06-14T11:50:15","date_gmt":"2017-06-14T16:50:15","guid":{"rendered":"http:\/\/summainferno.com\/?p=15963"},"modified":"2017-06-14T11:50:15","modified_gmt":"2017-06-14T16:50:15","slug":"tobias-forge-se-quitara-la-mascara-de-emeritus-iii-publicamente","status":"publish","type":"post","link":"https:\/\/summainferno.com\/en\/tobias-forge-se-quitara-la-mascara-de-emeritus-iii-publicamente\/","title":{"rendered":"Tobias Forge se quitar\u00e1 la m\u00e1scara de Emeritus III p\u00fablicamente&#8230;"},"content":{"rendered":"<p>Tras meses de disputas y demandas, finalmente el m\u00fasico sueco <b>Tobias Forge<\/b> ha decidido dejar detr\u00e1s el -poco- misterio detr\u00e1s de <b>Ghost<\/b> y hablar\u00e1 p\u00fablicamente del asunto el pr\u00f3ximo 12 de Agosto a trav\u00e9s de la estaci\u00f3n radiof\u00f3nica &#8216;<i>Sommar i P1&#8242;<\/i>.&nbsp;<\/p>\n<p><i>&#8220;Hablar\u00e9 sobre todo lo qu\u00e9 hay detr\u00e1s de m\u00ed y del como las cosas jam\u00e1s salen como piensas que lo har\u00e1n.&#8221; <\/i>commented <b>Forge<\/b> sobre su inminente aparici\u00f3n p\u00fablica.&nbsp;<\/p>\n<p>&nbsp;En Abril pasado, 4 ex-miembros de la banda <a href=\"http:\/\/summainferno.com\/mas-informacion-la-demanda-ghost\/\">demandaron a Tob\u00edas Forge<\/a> por cuestiones econ\u00f3micas, revelando sus nombres y con ello, rompiendo el anonimato del que la banda disfrut\u00f3 desde su formaci\u00f3n.&nbsp;<\/p>\n<p><b>Ghost<\/b> entrar\u00e1 en Agosto de este a\u00f1o al estudio de grabaci\u00f3n para trabajar en el sucesor de exitoso \u00e1lbum &#8216;<i>Meliora<\/i>&#8216;.&nbsp;<\/p>","protected":false},"excerpt":{"rendered":"<p>Tras meses de disputas y demandas, finalmente el m\u00fasico sueco Tobias Forge ha decidido dejar detr\u00e1s el -poco- misterio detr\u00e1s de Ghost y hablar\u00e1 p\u00fablicamente del asunto el pr\u00f3ximo 12 de Agosto a trav\u00e9s de la estaci\u00f3n radiof\u00f3nica &#8216;Sommar i P1&#8242;.&nbsp; &#8220;Hablar\u00e9 sobre todo lo qu\u00e9 hay detr\u00e1s de m\u00ed y del como las cosas jam\u00e1s salen como piensas que lo har\u00e1n.&#8221; coment\u00f3 Forge sobre su inminente aparici\u00f3n p\u00fablica.&nbsp; &nbsp;En Abril pasado, 4 ex-miembros de la banda demandaron a Tob\u00edas [&hellip;]<\/p>\n","protected":false},"author":1,"featured_media":15962,"comment_status":"open","ping_status":"open","sticky":false,"template":"","format":"standard","meta":{"footnotes":""},"categories":[260,2],"tags":[202,360],"class_list":["post-15963","post","type-post","status-publish","format-standard","has-post-thumbnail","hentry","category-new","category-rock","tag-ghost","tag-tobias-forge"],"_links":{"self":[{"href":"https:\/\/summainferno.com\/en\/wp-json\/wp\/v2\/posts\/15963","targetHints":{"allow":["GET"]}}],"collection":[{"href":"https:\/\/summainferno.com\/en\/wp-json\/wp\/v2\/posts"}],"about":[{"href":"https:\/\/summainferno.com\/en\/wp-json\/wp\/v2\/types\/post"}],"author":[{"embeddable":true,"href":"https:\/\/summainferno.com\/en\/wp-json\/wp\/v2\/users\/1"}],"replies":[{"embeddable":true,"href":"https:\/\/summainferno.com\/en\/wp-json\/wp\/v2\/comments?post=15963"}],"version-history":[{"count":0,"href":"https:\/\/summainferno.com\/en\/wp-json\/wp\/v2\/posts\/15963\/revisions"}],"wp:featuredmedia":[{"embeddable":true,"href":"https:\/\/summainferno.com\/en\/wp-json\/"}],"wp:attachment":[{"href":"https:\/\/summainferno.com\/en\/wp-json\/wp\/v2\/media?parent=15963"}],"wp:term":[{"taxonomy":"category","embeddable":true,"href":"https:\/\/summainferno.com\/en\/wp-json\/wp\/v2\/categories?post=15963"},{"taxonomy":"post_tag","embeddable":true,"href":"https:\/\/summainferno.com\/en\/wp-json\/wp\/v2\/tags?post=15963"}],"curies":[{"name":"wp","href":"https:\/\/api.w.org\/{rel}","templated":true}]}}