{"id":15959,"date":"2017-06-13T09:06:54","date_gmt":"2017-06-13T14:06:54","guid":{"rendered":"http:\/\/summainferno.com\/?p=15959"},"modified":"2017-06-13T09:06:54","modified_gmt":"2017-06-13T14:06:54","slug":"laibach-revela-una-nueva-cancion-del-proximo-album-das-nachtlied-i","status":"publish","type":"post","link":"https:\/\/summainferno.com\/en\/laibach-revela-una-nueva-cancion-del-proximo-album-das-nachtlied-i\/","title":{"rendered":"Laibach revela una nueva canci\u00f3n del pr\u00f3ximo \u00e1lbum: &#8216;Das Nachtlied I&#8217;"},"content":{"rendered":"<p>Los eslovenos de \u00a0Laibach han presentado un track de su nuevo \u00e1lbum, &#8220;Also Sprach Zarathustra&#8221;, que se espera que este disponible a partir del pr\u00f3ximo 14 de julio bajo el sello de Mute Records.. Puedes ver el v\u00eddeo de &#8220;Das Nachtlied I&#8221; \u00a0justo aqu\u00ed.<\/p>\n<p><iframe class=\"zeen-lazy-load-base zeen-lazy-load\" width=\"1200\" height=\"675\" src=\"about:blank\" data-lazy-src=\"https:\/\/www.youtube.com\/embed\/6svlYIS3NLI?feature=oembed\" frameborder=\"0\" allowfullscreen><\/iframe><noscript><iframe width=\"1200\" height=\"675\" src=\"https:\/\/www.youtube.com\/embed\/6svlYIS3NLI?feature=oembed\" frameborder=\"0\" allowfullscreen><\/iframe><\/noscript><\/p>\n<p>La m\u00fasica de &#8220;Also Sprach Zarathustra&#8221; fue originalmente creada para una producci\u00f3n teatral basada en la novela filos\u00f3fica de Friedrich Nietzsche del mismo nombre, que se estren\u00f3 en Marzo del a\u00f1o pasado.<\/p>\n<p>Aqu\u00ed les dejamos el teaser para el \u00e1lbum &#8211; Con &#8220;Ein Verk\u00fcndiger&#8221; y las im\u00e1genes de la producci\u00f3n que fuera dirigido por Matja\u017e Berger para el Teatro Anton Podbev\u0161ek (APT) en Novo Mesto, Eslovenia.<\/p>\n<p><iframe class=\"zeen-lazy-load-base zeen-lazy-load\" width=\"1200\" height=\"675\" src=\"about:blank\" data-lazy-src=\"https:\/\/www.youtube.com\/embed\/fIheRy0aFxA?feature=oembed\" frameborder=\"0\" allowfullscreen><\/iframe><noscript><iframe width=\"1200\" height=\"675\" src=\"https:\/\/www.youtube.com\/embed\/fIheRy0aFxA?feature=oembed\" frameborder=\"0\" allowfullscreen><\/iframe><\/noscript><\/p>\n<p>&nbsp;<\/p>","protected":false},"excerpt":{"rendered":"<p>Los eslovenos de \u00a0Laibach han presentado un track de su nuevo \u00e1lbum, &#8220;Also Sprach Zarathustra&#8221;, que se espera que este disponible a partir del pr\u00f3ximo 14 de julio bajo el sello de Mute Records.. Puedes ver el v\u00eddeo de &#8220;Das Nachtlied I&#8221; \u00a0justo aqu\u00ed. La m\u00fasica de &#8220;Also Sprach Zarathustra&#8221; fue originalmente creada para una producci\u00f3n teatral basada en la novela filos\u00f3fica de Friedrich Nietzsche del mismo nombre, que se estren\u00f3 en Marzo del a\u00f1o pasado. Aqu\u00ed les dejamos el [&hellip;]<\/p>\n","protected":false},"author":1,"featured_media":15960,"comment_status":"open","ping_status":"open","sticky":false,"template":"","format":"standard","meta":{"footnotes":""},"categories":[211,260],"tags":[1993,1994,1995,1996],"class_list":["post-15959","post","type-post","status-publish","format-standard","has-post-thumbnail","hentry","category-industrial","category-new","tag-also-sprach-zarathustra","tag-eslovenia","tag-laibach","tag-mute-records"],"_links":{"self":[{"href":"https:\/\/summainferno.com\/en\/wp-json\/wp\/v2\/posts\/15959","targetHints":{"allow":["GET"]}}],"collection":[{"href":"https:\/\/summainferno.com\/en\/wp-json\/wp\/v2\/posts"}],"about":[{"href":"https:\/\/summainferno.com\/en\/wp-json\/wp\/v2\/types\/post"}],"author":[{"embeddable":true,"href":"https:\/\/summainferno.com\/en\/wp-json\/wp\/v2\/users\/1"}],"replies":[{"embeddable":true,"href":"https:\/\/summainferno.com\/en\/wp-json\/wp\/v2\/comments?post=15959"}],"version-history":[{"count":0,"href":"https:\/\/summainferno.com\/en\/wp-json\/wp\/v2\/posts\/15959\/revisions"}],"wp:featuredmedia":[{"embeddable":true,"href":"https:\/\/summainferno.com\/en\/wp-json\/"}],"wp:attachment":[{"href":"https:\/\/summainferno.com\/en\/wp-json\/wp\/v2\/media?parent=15959"}],"wp:term":[{"taxonomy":"category","embeddable":true,"href":"https:\/\/summainferno.com\/en\/wp-json\/wp\/v2\/categories?post=15959"},{"taxonomy":"post_tag","embeddable":true,"href":"https:\/\/summainferno.com\/en\/wp-json\/wp\/v2\/tags?post=15959"}],"curies":[{"name":"wp","href":"https:\/\/api.w.org\/{rel}","templated":true}]}}