{"id":15677,"date":"2017-05-02T17:06:58","date_gmt":"2017-05-02T22:06:58","guid":{"rendered":"http:\/\/summainferno.com\/?p=15677"},"modified":"2017-05-02T17:06:58","modified_gmt":"2017-05-02T22:06:58","slug":"nos-sentimos-como-cuando-creamos-el-primer-album-richard-kruspe-y-paul-landers-rammstein","status":"publish","type":"post","link":"https:\/\/summainferno.com\/en\/nos-sentimos-como-cuando-creamos-el-primer-album-richard-kruspe-y-paul-landers-rammstein\/","title":{"rendered":"&#8220;Nos sentimos como cuando creamos el primer \u00e1lbum&#8221;: Richard Kruspe y Paul Landers [RAMMSTEIN]"},"content":{"rendered":"<p>Han pasado 8 a\u00f1os desde el lanzamiento de LIFAD, el m\u00e1s reciente \u00e1lbum de la incendiaria banda alemana <b>Rammstein<\/b>. En la v\u00edspera de la presentaci\u00f3n en formatos f\u00edsicos de &#8216;<i>Paris<\/i>&#8216;, su m\u00e1s reciente pel\u00edcula filmada en vivo, los guitarristas <b>Paul Landers<\/b> y <b>Richard Kruspe<\/b> hablaron sobre su s\u00e9ptimo disco y dan un poco de luz a la incertidumbre.&nbsp;<br \/>\n&nbsp;<br \/>\n<i><a href=\"http:\/\/summainferno.com\/wp-content\/uploads\/2017\/05\/img_4609.jpg\"><img decoding=\"async\" loading=\"lazy\" width=\"800\" height=\"765\" alt=\"\" src=\"http:\/\/summainferno.com\/wp-content\/uploads\/2017\/05\/img_4609.jpg\" title=\"\" class=\"alignleft size-full wp-image-15682\"><noscript><img decoding=\"async\" width=\"800\" height=\"765\" alt=\"\" src=\"http:\/\/summainferno.com\/wp-content\/uploads\/2017\/05\/img_4609.jpg\" title=\"\" class=\"alignleft size-full wp-image-15682\"><\/noscript><\/a>&#8220;[La grabaci\u00f3n del nuevo \u00e1lbum] empez\u00f3 de forma muy casual, sin presiones&#8221;<\/i> dice <b>Kruspe<\/b>, &#8220;<i>Por la ma\u00f1ana, habl\u00e1bamos durante dos horas. Conect\u00e1bamos un micr\u00f3fono &nbsp;y habl\u00e1bamos de lo que nos venia a la mente.<\/i><\/p>\n<p><i>Tenemos un gran \u00e1nimo. No me habia sentido desde la creaci\u00f3n de nuestro primer disco (&#8216;Herzeleid&#8217;, 1995&#8242;).<\/i><\/p>\n<p><i>Durante el tiempo que hemos pasado sin un nuevo \u00e1lbum, cada miembro de la banda pas\u00f3 por muchas cosas: familias, ni\u00f1os, rompimientos, todo lo que tuvieron que lidiar con la vida. Creo que todos nos hicimos un poco m\u00e1s sabios, un poco m\u00e1s&#8230; un poco m\u00e1s conscientes de lo que es importante. Por supuesto todav\u00eda hay egos, pero el trato es m\u00e1s respetuoso. Si algo est\u00e1 en nuestra mente, lo hablamos inmediatamente, en lugar de esperar hasta que estemos de mal humor.&#8221;<\/i><\/p>\n<p>El otro guitarrista de la banda, <b>Paul Landers<\/b> tambi\u00e9n habl\u00f3 sobre la creaci\u00f3n del sucesor de <b>Liebe Ist F\u00fcr Alle Da<\/b>.&nbsp;<\/p>\n<p><i>&#8220;Cada \u00e1lbum fue creado bajo diferentes condiciones. Esta vez, tenemos la misma sensaci\u00f3n que ten\u00edamos en el primer \u00e1lbum, donde todos nos reunimos y todos aportan sus ideas a las canciones.&nbsp;<\/i><\/p>\n<p><i>Todos hemos sido amigos durante mucho tiempo. Nos conocemos, conocemos a las familias de los otros, y todos nos reunimos en Navidad o fiestas de cumplea\u00f1os. Tenemos una relaci\u00f3n muy especial. Es el mismo tipo de sentimiento cuando ves a tu familia en Navidad &#8211; la familia que te cae bien [risas].&#8221;<\/i><\/p>\n<p>Sobre la energ\u00eda que rodear\u00e1 a las canciones que est\u00e1n creando, Kruspe agreg\u00f3.<i> &#8220;Hay muchos tipos de energ\u00eda en la m\u00fasica. Hay energ\u00eda cruda, hay energ\u00eda joven y obviamente ya no tenemos eso. Somos viejos, muy viejos. Ser\u00e1 m\u00e1s&#8230; emotivo. Debo decir que hay energ\u00edas interesantes y misteriosas en las canciones nuevas. Cuando ten\u00eda 20 a\u00f1os, pod\u00eda quedarme en una sala de ensayo durante ocho horas y tocar un riff. Ya no puedo hacer eso, pues me aburre de verdad. Lo importante en una canci\u00f3n es que sea pegajosa, tenga armon\u00eda que sobreviva a la grabaci\u00f3n y pueda ser tocada en vivo.<\/i><\/p>\n<p><i>Para ser honesto, por mucho tiempo Rammstein ha sido esa banda en la que todos primero piensan en el show, en el fuego, pero nadie piensa en la m\u00fasica. Espero que con este nuevo disco, eso cambie&#8221;<\/i><\/p>\n<p>Y aunque la banda ha estado trabajando por un tiempo en el nuevo \u00e1lbum, no prometen una fecha de lanzamiento. <i>&#8220;Realmente depende de nuestro cantante Till, que pueda terminar las misteriosas ideas que tenemos&#8221;<\/i>, dice <b>Kruspe<\/b>. &#8220;<i>En este momento tenemos 30 ideas, algunas con letras, y otras no. Estamos trabajando en la voz, y luego podr\u00edamos considerar trabajar con un nuevo productor. Hay muchas dudas que a\u00fan no hemos respondido&#8221;.<\/i><\/p>\n<p><i>&#8220;Nuestra meta ahora es escribir canciones realmente buenas, e incluso probar m\u00e9todos inusuales, nuevas ideas, y cambiar el camino que uno normalmente sigue&#8221;, <\/i>agrega<i> <\/i><b>Paul<\/b><i>. &#8220;Puede ser que cuando t\u00fa abuela escuche el \u00e1lbum, pensar\u00e1 que es igual que los otros. Pero para nosotros, realmente queremos que sea otro hit.&nbsp;<\/i><\/p>\n<p><i>Realmente estamos enfocados m\u00e1s en la calidad que en la cantidad, y queremos estar seguros que ser\u00e1 alg\u00fan bueno. Pero no tomaremos otro a\u00f1o de vacaciones, eso s\u00ed&#8221;.<\/i><\/p>\n<p><i><br \/>\n<\/i><\/p>\n<p><i><br \/>\n<\/i><\/p>\n","protected":false},"excerpt":{"rendered":"<p>Han pasado 8 a\u00f1os desde el lanzamiento de LIFAD, el m\u00e1s reciente \u00e1lbum de la incendiaria banda alemana Rammstein. En la v\u00edspera de la presentaci\u00f3n en formatos f\u00edsicos de &#8216;Paris&#8216;, su m\u00e1s reciente pel\u00edcula filmada en vivo, los guitarristas Paul Landers y Richard Kruspe hablaron sobre su s\u00e9ptimo disco y dan un poco de luz a la incertidumbre.&nbsp; &nbsp; &#8220;[La grabaci\u00f3n del nuevo \u00e1lbum] empez\u00f3 de forma muy casual, sin presiones&#8221; dice Kruspe, &#8220;Por la ma\u00f1ana, habl\u00e1bamos durante dos horas. [&hellip;]<\/p>\n","protected":false},"author":1,"featured_media":15676,"comment_status":"open","ping_status":"open","sticky":false,"template":"","format":"standard","meta":{"footnotes":""},"categories":[111,31,260],"tags":[267,9,278],"class_list":["post-15677","post","type-post","status-publish","format-standard","has-post-thumbnail","hentry","category-destacado","category-metal","category-new","tag-267","tag-nuevo-album","tag-rammstein"],"_links":{"self":[{"href":"https:\/\/summainferno.com\/en\/wp-json\/wp\/v2\/posts\/15677","targetHints":{"allow":["GET"]}}],"collection":[{"href":"https:\/\/summainferno.com\/en\/wp-json\/wp\/v2\/posts"}],"about":[{"href":"https:\/\/summainferno.com\/en\/wp-json\/wp\/v2\/types\/post"}],"author":[{"embeddable":true,"href":"https:\/\/summainferno.com\/en\/wp-json\/wp\/v2\/users\/1"}],"replies":[{"embeddable":true,"href":"https:\/\/summainferno.com\/en\/wp-json\/wp\/v2\/comments?post=15677"}],"version-history":[{"count":0,"href":"https:\/\/summainferno.com\/en\/wp-json\/wp\/v2\/posts\/15677\/revisions"}],"wp:featuredmedia":[{"embeddable":true,"href":"https:\/\/summainferno.com\/en\/wp-json\/"}],"wp:attachment":[{"href":"https:\/\/summainferno.com\/en\/wp-json\/wp\/v2\/media?parent=15677"}],"wp:term":[{"taxonomy":"category","embeddable":true,"href":"https:\/\/summainferno.com\/en\/wp-json\/wp\/v2\/categories?post=15677"},{"taxonomy":"post_tag","embeddable":true,"href":"https:\/\/summainferno.com\/en\/wp-json\/wp\/v2\/tags?post=15677"}],"curies":[{"name":"wp","href":"https:\/\/api.w.org\/{rel}","templated":true}]}}