{"id":15637,"date":"2017-04-23T15:11:46","date_gmt":"2017-04-23T20:11:46","guid":{"rendered":"http:\/\/summainferno.com\/?p=15637"},"modified":"2017-04-23T15:11:46","modified_gmt":"2017-04-23T20:11:46","slug":"ghost-no-fue-creado-como-una-banda-emeritus-iii-tobias-forge","status":"publish","type":"post","link":"https:\/\/summainferno.com\/en\/ghost-no-fue-creado-como-una-banda-emeritus-iii-tobias-forge\/","title":{"rendered":"&#8220;GHOST no fue creado como una banda&#8221;: Emeritus III [Tobias Forge]"},"content":{"rendered":"<p>Ya todos sabemos que hace algunas semanas, los ex-integrantes de la agrupaci\u00f3n sueca <b>Ghost<\/b>, demandaron al cantante Tob\u00edas Forge tras su despido, exigiendo de les aclarase asuntos econ\u00f3micos que seg\u00fan ellos, les consciernen, adem\u00e1s de revelar su identidad.&nbsp;<\/p>\n<p>A trav\u00e9s de la estaci\u00f3n francesa <a href=\"http:\/\/www.radiometal.com\/article\/ghost-marche-vers-lolympe,253302#more-253302\" target=\"_blank\" rel=\"noopener\">Radio Metal<\/a>, <b>Forge<\/b> [en su papel de Emeritus III] hizo una entrevista el pasado 28 de Marzo, antes de la revelaci\u00f3n de todo el problema y donde dejaba muy claro, que desde un inicio, <b>Ghost<\/b> era m\u00e1s un proyecto personal y no una banda como tal.&nbsp;<\/p>\n<p><i>&#8220;Lo que siempre ha sido un hecho, es que Ghost no fue creado como una banda y su primera alineaci\u00f3n fue formada despues de que grabamos el primer disco y solo era para tocar en vivo. Y tras ello, la alineaci\u00f3n ha cambiado much\u00edsimo.&nbsp;<\/i><\/p>\n<p><i>Si nos has seguido desde el inicio, sabr\u00e1s que comenzamos a tocar en vivo en Octubre del 2010 y habr\u00e1s notado todos los cambios que hemos hecho. Y por ejemplo, nadie de los que estaban en la alineaci\u00f3n de Noviembre [del 2016] toc\u00f3 en nuestro \u00e1lbum debut.<\/i><\/p>\n<p><i>No creamos el proyecto juntos, es una especie de&#8230; como Bathory, por ejemplo. Tienes gente que toca en vivo y no necesariamente son los mismos que graban en estudio. En &#8216;Opus Eponymus&#8217; y &#8216;Meliora&#8217; tuvimos un baterista que jam\u00e1s toc\u00f3 en vivo con nosotros. Algunas personas no creen que esto sea cierto&#8230; pero bueno, m\u00e1s adelante descubrir\u00e1n que lo que piensan no est\u00e1 basado en la realidad. No importa. No me preocupa.&#8221;<\/i><\/p>\n","protected":false},"excerpt":{"rendered":"<p>Ya todos sabemos que hace algunas semanas, los ex-integrantes de la agrupaci\u00f3n sueca Ghost, demandaron al cantante Tob\u00edas Forge tras su despido, exigiendo de les aclarase asuntos econ\u00f3micos que seg\u00fan ellos, les consciernen, adem\u00e1s de revelar su identidad.&nbsp; A trav\u00e9s de la estaci\u00f3n francesa Radio Metal, Forge [en su papel de Emeritus III] hizo una entrevista el pasado 28 de Marzo, antes de la revelaci\u00f3n de todo el problema y donde dejaba muy claro, que desde un inicio, Ghost era [&hellip;]<\/p>\n","protected":false},"author":1,"featured_media":15636,"comment_status":"open","ping_status":"open","sticky":false,"template":"","format":"standard","meta":{"footnotes":""},"categories":[31,260],"tags":[202,360],"class_list":["post-15637","post","type-post","status-publish","format-standard","has-post-thumbnail","hentry","category-metal","category-new","tag-ghost","tag-tobias-forge"],"_links":{"self":[{"href":"https:\/\/summainferno.com\/en\/wp-json\/wp\/v2\/posts\/15637","targetHints":{"allow":["GET"]}}],"collection":[{"href":"https:\/\/summainferno.com\/en\/wp-json\/wp\/v2\/posts"}],"about":[{"href":"https:\/\/summainferno.com\/en\/wp-json\/wp\/v2\/types\/post"}],"author":[{"embeddable":true,"href":"https:\/\/summainferno.com\/en\/wp-json\/wp\/v2\/users\/1"}],"replies":[{"embeddable":true,"href":"https:\/\/summainferno.com\/en\/wp-json\/wp\/v2\/comments?post=15637"}],"version-history":[{"count":0,"href":"https:\/\/summainferno.com\/en\/wp-json\/wp\/v2\/posts\/15637\/revisions"}],"wp:featuredmedia":[{"embeddable":true,"href":"https:\/\/summainferno.com\/en\/wp-json\/"}],"wp:attachment":[{"href":"https:\/\/summainferno.com\/en\/wp-json\/wp\/v2\/media?parent=15637"}],"wp:term":[{"taxonomy":"category","embeddable":true,"href":"https:\/\/summainferno.com\/en\/wp-json\/wp\/v2\/categories?post=15637"},{"taxonomy":"post_tag","embeddable":true,"href":"https:\/\/summainferno.com\/en\/wp-json\/wp\/v2\/tags?post=15637"}],"curies":[{"name":"wp","href":"https:\/\/api.w.org\/{rel}","templated":true}]}}