{"id":15000,"date":"2017-01-28T12:54:38","date_gmt":"2017-01-28T18:54:38","guid":{"rendered":"http:\/\/summainferno.com\/?p=15000"},"modified":"2017-01-28T12:54:38","modified_gmt":"2017-01-28T18:54:38","slug":"murio-geoff-nicholls-ex-tecladista-black-sabbath","status":"publish","type":"post","link":"https:\/\/summainferno.com\/en\/murio-geoff-nicholls-ex-tecladista-black-sabbath\/","title":{"rendered":"Muri\u00f3 Geoff Nicholls, ex-tecladista de BLACK SABBATH"},"content":{"rendered":"<p><strong>Geoff Nicholls<\/strong>, quien fuera tecladista de <strong>Black Sabbath<\/strong> por m\u00e1s de 20 a\u00f1os, falleci\u00f3 esta ma\u00f1ana despu\u00e9s de una exhaustiva batalla contra el c\u00e1ncer de pulm\u00f3n. Su amigo y compa\u00f1ero de banda, el guitarrista Tony Iommi fue quien dio la noticiaa trav\u00e9s de su cuenta oficial en Facebook.<\/p>\n<p>La primera aparici\u00f3n de Nicholls con <strong>Black Sabbath<\/strong> fue en 1980 en el disco &#8216;<em>Heaven and Hell&#8217;<\/em> y se desvincul\u00f3 de la banda hasta 2004 cuando fue sustituido por Adam Wakeman.<\/p>\n<p>Descanse en paz.<\/p>\n<p>&nbsp;<\/p>\n<div id=\"fb-root\"><\/div>\n<p><script>(function(d, s, id) {  var js, fjs = d.getElementsByTagName(s)[0];  if (d.getElementById(id)) return;  js = d.createElement(s); js.id = id;  js.src = \"\/\/connect.facebook.net\/en_US\/sdk.js#xfbml=1&version=v2.3\";  fjs.parentNode.insertBefore(js, fjs);}(document, 'script', 'facebook-jssdk'));<\/script><\/p>\n<div class=\"fb-post\" data-href=\"https:\/\/www.facebook.com\/tonyiomm\/posts\/10154627968263381:0\" data-width=\"750\">\n<blockquote cite=\"https:\/\/www.facebook.com\/tonyiomm\/posts\/10154627968263381:0\" class=\"fb-xfbml-parse-ignore\">\n<p>I&#039;m so saddened to hear the loss of one of my dearest and closest friends Geoff Nicholls. He&#039;s been suffering for a&#8230;<\/p>\n<p>Posted by <a href=\"https:\/\/www.facebook.com\/tonyiomm\/\" target=\"_blank\" rel=\"noopener\">Tony Iommi<\/a> on&nbsp;<a href=\"https:\/\/www.facebook.com\/tonyiomm\/posts\/10154627968263381:0\" target=\"_blank\" rel=\"noopener\">Saturday, January 28, 2017<\/a><\/p><\/blockquote>\n<\/div>\n","protected":false},"excerpt":{"rendered":"<p>Geoff Nicholls, quien fuera tecladista de Black Sabbath por m\u00e1s de 20 a\u00f1os, falleci\u00f3 esta ma\u00f1ana despu\u00e9s de una exhaustiva batalla contra el c\u00e1ncer de pulm\u00f3n. Su amigo y compa\u00f1ero de banda, el guitarrista Tony Iommi fue quien dio la noticiaa trav\u00e9s de su cuenta oficial en Facebook. La primera aparici\u00f3n de Nicholls con Black Sabbath fue en 1980 en el disco &#8216;Heaven and Hell&#8217; y se desvincul\u00f3 de la banda hasta 2004 cuando fue sustituido por Adam Wakeman. Descanse [&hellip;]<\/p>\n","protected":false},"author":1,"featured_media":15001,"comment_status":"open","ping_status":"open","sticky":false,"template":"","format":"standard","meta":{"footnotes":""},"categories":[31,260],"tags":[582,1144],"class_list":["post-15000","post","type-post","status-publish","format-standard","has-post-thumbnail","hentry","category-metal","category-new","tag-black-sabbath","tag-geoff-nicholls"],"_links":{"self":[{"href":"https:\/\/summainferno.com\/en\/wp-json\/wp\/v2\/posts\/15000","targetHints":{"allow":["GET"]}}],"collection":[{"href":"https:\/\/summainferno.com\/en\/wp-json\/wp\/v2\/posts"}],"about":[{"href":"https:\/\/summainferno.com\/en\/wp-json\/wp\/v2\/types\/post"}],"author":[{"embeddable":true,"href":"https:\/\/summainferno.com\/en\/wp-json\/wp\/v2\/users\/1"}],"replies":[{"embeddable":true,"href":"https:\/\/summainferno.com\/en\/wp-json\/wp\/v2\/comments?post=15000"}],"version-history":[{"count":0,"href":"https:\/\/summainferno.com\/en\/wp-json\/wp\/v2\/posts\/15000\/revisions"}],"wp:featuredmedia":[{"embeddable":true,"href":"https:\/\/summainferno.com\/en\/wp-json\/"}],"wp:attachment":[{"href":"https:\/\/summainferno.com\/en\/wp-json\/wp\/v2\/media?parent=15000"}],"wp:term":[{"taxonomy":"category","embeddable":true,"href":"https:\/\/summainferno.com\/en\/wp-json\/wp\/v2\/categories?post=15000"},{"taxonomy":"post_tag","embeddable":true,"href":"https:\/\/summainferno.com\/en\/wp-json\/wp\/v2\/tags?post=15000"}],"curies":[{"name":"wp","href":"https:\/\/api.w.org\/{rel}","templated":true}]}}