{"id":14995,"date":"2017-01-28T11:33:59","date_gmt":"2017-01-28T17:33:59","guid":{"rendered":"http:\/\/summainferno.com\/?p=14995"},"modified":"2017-01-28T11:33:59","modified_gmt":"2017-01-28T17:33:59","slug":"fallecio-tom-edwards-guitarrista-fields-of-the-nephilim","status":"publish","type":"post","link":"https:\/\/summainferno.com\/en\/fallecio-tom-edwards-guitarrista-fields-of-the-nephilim\/","title":{"rendered":"Guitarist of FIELDS OF THE NEPHILIM died Tom Edwards"},"content":{"rendered":"<p><strong>Tom Edwards<\/strong>, guitarrista de los g\u00f3ticos brit\u00e1nicos <strong>Fields of the Nephilim<\/strong> falleci\u00f3 a los 41 a\u00f1os de edad, aparentemente por una falla cardiaca mientras se encontraba en los Estados Unidos de gira con Adam Ant.<\/p>\n<p>Tom fue encontrado en su habitaci\u00f3n inconsciente por lo que fue r\u00e1pidamente translado al hospital Kennedy de New Jersey; sin embargo, los esfuerzos por reanimarlo fueron infructuosos. No se han dado a conocer m\u00e1s detalles a la espera de la autopsia que confirme la causa de su muerte.<\/p>\n<p>Descanse en paz.<\/p>\n<p>&nbsp;<\/p>\n<div id=\"fb-root\"><\/div>\n<p><script>(function(d, s, id) {  var js, fjs = d.getElementsByTagName(s)[0];  if (d.getElementById(id)) return;  js = d.createElement(s); js.id = id;  js.src = \"\/\/connect.facebook.net\/en_US\/sdk.js#xfbml=1&version=v2.3\";  fjs.parentNode.insertBefore(js, fjs);}(document, 'script', 'facebook-jssdk'));<\/script><\/p>\n<div class=\"fb-post\" data-href=\"https:\/\/www.facebook.com\/FieldsOfTheNephilim\/posts\/10154641266329930:0\" data-width=\"750\">\n<blockquote cite=\"https:\/\/www.facebook.com\/FieldsOfTheNephilim\/posts\/10154641266329930:0\" class=\"fb-xfbml-parse-ignore\">\n<p>We are deeply shocked and  greatly saddened at the passing and loss of our friend and guitarist Tom Edwards (Tommo)Tom&#8230;<\/p>\n<p>Posted by <a href=\"https:\/\/www.facebook.com\/FieldsOfTheNephilim\/\" target=\"_blank\" rel=\"noopener\">Fields Of The Nephilim<\/a> on&nbsp;<a href=\"https:\/\/www.facebook.com\/FieldsOfTheNephilim\/posts\/10154641266329930:0\" target=\"_blank\" rel=\"noopener\">Friday, January 27, 2017<\/a><\/p><\/blockquote>\n<\/div>\n","protected":false},"excerpt":{"rendered":"<p>Tom Edwards, guitarrista de los g\u00f3ticos brit\u00e1nicos Fields of the Nephilim falleci\u00f3 a los 41 a\u00f1os de edad, aparentemente por una falla cardiaca mientras se encontraba en los Estados Unidos de gira con Adam Ant. Tom fue encontrado en su habitaci\u00f3n inconsciente por lo que fue r\u00e1pidamente translado al hospital Kennedy de New Jersey; sin embargo, los esfuerzos por reanimarlo fueron infructuosos. No se han dado a conocer m\u00e1s detalles a la espera de la autopsia que confirme la causa [&hellip;]<\/p>\n","protected":false},"author":1,"featured_media":14996,"comment_status":"open","ping_status":"open","sticky":false,"template":"","format":"standard","meta":{"footnotes":""},"categories":[342,260],"tags":[1951],"class_list":["post-14995","post","type-post","status-publish","format-standard","has-post-thumbnail","hentry","category-goth","category-new","tag-fields-of-the-nephilim"],"_links":{"self":[{"href":"https:\/\/summainferno.com\/en\/wp-json\/wp\/v2\/posts\/14995","targetHints":{"allow":["GET"]}}],"collection":[{"href":"https:\/\/summainferno.com\/en\/wp-json\/wp\/v2\/posts"}],"about":[{"href":"https:\/\/summainferno.com\/en\/wp-json\/wp\/v2\/types\/post"}],"author":[{"embeddable":true,"href":"https:\/\/summainferno.com\/en\/wp-json\/wp\/v2\/users\/1"}],"replies":[{"embeddable":true,"href":"https:\/\/summainferno.com\/en\/wp-json\/wp\/v2\/comments?post=14995"}],"version-history":[{"count":0,"href":"https:\/\/summainferno.com\/en\/wp-json\/wp\/v2\/posts\/14995\/revisions"}],"wp:featuredmedia":[{"embeddable":true,"href":"https:\/\/summainferno.com\/en\/wp-json\/"}],"wp:attachment":[{"href":"https:\/\/summainferno.com\/en\/wp-json\/wp\/v2\/media?parent=14995"}],"wp:term":[{"taxonomy":"category","embeddable":true,"href":"https:\/\/summainferno.com\/en\/wp-json\/wp\/v2\/categories?post=14995"},{"taxonomy":"post_tag","embeddable":true,"href":"https:\/\/summainferno.com\/en\/wp-json\/wp\/v2\/tags?post=14995"}],"curies":[{"name":"wp","href":"https:\/\/api.w.org\/{rel}","templated":true}]}}