{"id":1344,"date":"2013-11-29T20:06:33","date_gmt":"2013-11-29T20:06:33","guid":{"rendered":"http:\/\/summainferno.com\/?p=1344"},"modified":"2013-11-29T20:06:33","modified_gmt":"2013-11-29T20:06:33","slug":"rumor-nuevo-disco-y-gira-en-2015-de-rammstein","status":"publish","type":"post","link":"https:\/\/summainferno.com\/en\/rumor-nuevo-disco-y-gira-en-2015-de-rammstein\/","title":{"rendered":"RUMOR: Nuevo disco y gira en 2015 de Rammstein"},"content":{"rendered":"<p>Los primeros rumores alrededor de un supuesto nuevo \u00e1lbum de Rammstein, comentan que la banda estar\u00eda entrando al estudio a partir del siguiente a\u00f1o en el mes de abril a noviembre, empezando la grabaci\u00f3n hasta el 2015 y su publicaci\u00f3n a finales de ese a\u00f1o.<\/p>\n<p><img decoding=\"async\" loading=\"lazy\" class=\"aligncenter size-full wp-image-1348\" alt=\"rammstein\" src=\"http:\/\/summainferno.com\/wp-content\/uploads\/2013\/11\/rammstein.jpg\" width=\"650\" height=\"362\" title=\"\"><noscript><img decoding=\"async\" class=\"aligncenter size-full wp-image-1348\" alt=\"rammstein\" src=\"http:\/\/summainferno.com\/wp-content\/uploads\/2013\/11\/rammstein.jpg\" width=\"650\" height=\"362\" title=\"\"><\/noscript><\/p>\n<p>Despu\u00e9s de su lanzamiento, comenzaria una nueva gira que abarcar\u00e1 en Europa a finales del 2015 y continuar\u00e1 a partir de Wuhlheide en Berl\u00edn,\u00a0Norteam\u00e9rica y Sudam\u00e9rica en verano del 2016.<\/p>\n<p>P\u00e1ginas como <a href=\"http:\/\/www.metalgermania.it\/notizie\/rammstein-2015.html#.Upjvb9JWySq\" target=\"_blank\" rel=\"noopener noreferrer\">metalgermania<\/a> han puesto esto bajo una visi\u00f3n de rumor e informaci\u00f3n, lo cu\u00e1l solo se confirmar\u00eda public\u00e1ndose en <a href=\"http:\/\/rammstein.de\" target=\"_blank\" rel=\"noopener noreferrer\">rammstein.de<\/a>, <strong>pero hasta que la banda lo anuncie, no podemos estimar si esto sea verdad o no.<\/strong><\/p>\n<p>Todos los fans latinoamericanos tendremos que esperar un rato hasta que vuelvan desde su \u00faltimo tour en el 2011.<\/p>","protected":false},"excerpt":{"rendered":"<p>Los primeros rumores alrededor de un supuesto nuevo \u00e1lbum de Rammstein, comentan que la banda estar\u00eda entrando al estudio a partir del siguiente a\u00f1o en el mes de abril a noviembre, empezando la grabaci\u00f3n hasta el 2015 y su publicaci\u00f3n a finales de ese a\u00f1o. Despu\u00e9s de su lanzamiento, comenzaria una nueva gira que abarcar\u00e1 en Europa a finales del 2015 y continuar\u00e1 a partir de Wuhlheide en Berl\u00edn,\u00a0Norteam\u00e9rica y Sudam\u00e9rica en verano del 2016. P\u00e1ginas como metalgermania han puesto [&hellip;]<\/p>\n","protected":false},"author":1,"featured_media":1347,"comment_status":"open","ping_status":"open","sticky":false,"template":"","format":"standard","meta":{"footnotes":""},"categories":[212,31,696],"tags":[10,269,701,702,278],"class_list":["post-1344","post","type-post","status-publish","format-standard","has-post-thumbnail","hentry","category-industrial-metal","category-metal","category-rumores","tag-10","tag-269","tag-nuevo-disco","tag-nuevo-tour","tag-rammstein"],"_links":{"self":[{"href":"https:\/\/summainferno.com\/en\/wp-json\/wp\/v2\/posts\/1344","targetHints":{"allow":["GET"]}}],"collection":[{"href":"https:\/\/summainferno.com\/en\/wp-json\/wp\/v2\/posts"}],"about":[{"href":"https:\/\/summainferno.com\/en\/wp-json\/wp\/v2\/types\/post"}],"author":[{"embeddable":true,"href":"https:\/\/summainferno.com\/en\/wp-json\/wp\/v2\/users\/1"}],"replies":[{"embeddable":true,"href":"https:\/\/summainferno.com\/en\/wp-json\/wp\/v2\/comments?post=1344"}],"version-history":[{"count":0,"href":"https:\/\/summainferno.com\/en\/wp-json\/wp\/v2\/posts\/1344\/revisions"}],"wp:featuredmedia":[{"embeddable":true,"href":"https:\/\/summainferno.com\/en\/wp-json\/"}],"wp:attachment":[{"href":"https:\/\/summainferno.com\/en\/wp-json\/wp\/v2\/media?parent=1344"}],"wp:term":[{"taxonomy":"category","embeddable":true,"href":"https:\/\/summainferno.com\/en\/wp-json\/wp\/v2\/categories?post=1344"},{"taxonomy":"post_tag","embeddable":true,"href":"https:\/\/summainferno.com\/en\/wp-json\/wp\/v2\/tags?post=1344"}],"curies":[{"name":"wp","href":"https:\/\/api.w.org\/{rel}","templated":true}]}}