{"id":13053,"date":"2016-04-25T12:14:08","date_gmt":"2016-04-25T17:14:08","guid":{"rendered":"http:\/\/summainferno.com\/?p=13053"},"modified":"2016-04-25T12:14:08","modified_gmt":"2016-04-25T17:14:08","slug":"la-primera-banda-del-orus-fest-2016","status":"publish","type":"post","link":"https:\/\/summainferno.com\/en\/la-primera-banda-del-orus-fest-2016\/","title":{"rendered":"Y la primera banda del Orus Fest 2016 es&#8230; \u00a1MISS CONSTRUCTION!"},"content":{"rendered":"<p>La edici\u00f3n 2016 del m\u00e1s grande encuentro de la escena electro-dark en nuestro pa\u00eds, el <strong>Orus Fest<\/strong>, comienza a tomar forma con el anuncio de la primera banda internacional del evento, la cual es ni m\u00e1s ni menos que los alemanes <strong>Miss Construction<\/strong>. La banda zombie fue creada en 2008 en Berl\u00edn por el tambi\u00e9n cantante de Blutengel, Chris Pohl.<\/p>\n<p>Adem\u00e1s, la producci\u00f3n del evento tambi\u00e9n anunci\u00f3 la fecha y el evento se llevar\u00e1 a cabo el 12 de Noviembre en un lugar todav\u00eda sin especificar dentro de la Ciudad de M\u00e9xico.<\/p>\n<p>M\u00e1s anuncios en breve, adem\u00e1s de informaci\u00f3n sobre la venta de boletos.<\/p>\n<p>&nbsp;<\/p>\n<p><iframe class=\"zeen-lazy-load-base zeen-lazy-load\" width=\"1200\" height=\"675\" src=\"about:blank\" data-lazy-src=\"https:\/\/www.youtube.com\/embed\/PGEt_ARSv7E?feature=oembed\" frameborder=\"0\" allowfullscreen><\/iframe><noscript><iframe width=\"1200\" height=\"675\" src=\"https:\/\/www.youtube.com\/embed\/PGEt_ARSv7E?feature=oembed\" frameborder=\"0\" allowfullscreen><\/iframe><\/noscript><\/p>","protected":false},"excerpt":{"rendered":"<p>La edici\u00f3n 2016 del m\u00e1s grande encuentro de la escena electro-dark en nuestro pa\u00eds, el Orus Fest, comienza a tomar forma con el anuncio de la primera banda internacional del evento, la cual es ni m\u00e1s ni menos que los alemanes Miss Construction. La banda zombie fue creada en 2008 en Berl\u00edn por el tambi\u00e9n cantante de Blutengel, Chris Pohl. Adem\u00e1s, la producci\u00f3n del evento tambi\u00e9n anunci\u00f3 la fecha y el evento se llevar\u00e1 a cabo el 12 de Noviembre [&hellip;]<\/p>\n","protected":false},"author":1,"featured_media":13067,"comment_status":"open","ping_status":"open","sticky":false,"template":"","format":"standard","meta":{"footnotes":""},"categories":[111,1052,260],"tags":[1853,1854],"class_list":["post-13053","post","type-post","status-publish","format-standard","has-post-thumbnail","hentry","category-destacado","category-electro","category-new","tag-miss-construction","tag-orus-fest-2016"],"_links":{"self":[{"href":"https:\/\/summainferno.com\/en\/wp-json\/wp\/v2\/posts\/13053","targetHints":{"allow":["GET"]}}],"collection":[{"href":"https:\/\/summainferno.com\/en\/wp-json\/wp\/v2\/posts"}],"about":[{"href":"https:\/\/summainferno.com\/en\/wp-json\/wp\/v2\/types\/post"}],"author":[{"embeddable":true,"href":"https:\/\/summainferno.com\/en\/wp-json\/wp\/v2\/users\/1"}],"replies":[{"embeddable":true,"href":"https:\/\/summainferno.com\/en\/wp-json\/wp\/v2\/comments?post=13053"}],"version-history":[{"count":0,"href":"https:\/\/summainferno.com\/en\/wp-json\/wp\/v2\/posts\/13053\/revisions"}],"wp:featuredmedia":[{"embeddable":true,"href":"https:\/\/summainferno.com\/en\/wp-json\/"}],"wp:attachment":[{"href":"https:\/\/summainferno.com\/en\/wp-json\/wp\/v2\/media?parent=13053"}],"wp:term":[{"taxonomy":"category","embeddable":true,"href":"https:\/\/summainferno.com\/en\/wp-json\/wp\/v2\/categories?post=13053"},{"taxonomy":"post_tag","embeddable":true,"href":"https:\/\/summainferno.com\/en\/wp-json\/wp\/v2\/tags?post=13053"}],"curies":[{"name":"wp","href":"https:\/\/api.w.org\/{rel}","templated":true}]}}