{"id":12552,"date":"2016-03-28T11:12:32","date_gmt":"2016-03-28T17:12:32","guid":{"rendered":"http:\/\/summainferno.com\/?p=12552"},"modified":"2016-03-28T11:12:32","modified_gmt":"2016-03-28T17:12:32","slug":"the-rasmus-confirma-su-regreso-a-mexico","status":"publish","type":"post","link":"https:\/\/summainferno.com\/en\/the-rasmus-confirma-su-regreso-a-mexico\/","title":{"rendered":"THE RASMUS confirma su regreso a M\u00e9xico"},"content":{"rendered":"<p>The finnish band<strong> The Rasmus<\/strong> ha confirmado a trav\u00e9s de su cuenta oficial en Facebook que estar\u00e1 de regreso en nuestro pa\u00eds el pr\u00f3ximo 2 de Junio para presentarse en El Plaza Condesa de la Ciudad de M\u00e9xico. Los precios y la fecha de inicio de venta de boletos no ha sido revelado y se actualizar\u00e1 en breve.<\/p>\n<p><strong>Lauri Yl\u00f6nen<\/strong>, <strong>Eero Heinonen<\/strong>, <strong>Pauli Rantasalmi<\/strong> and <strong>Aki Hakala<\/strong> terminar\u00e1n entonces con una ausencia de 3 a\u00f1os en M\u00e9xico cuando se presentaron ante sus miles de fans en el Pepsi Center. El \u00faltimo lanzamiento de los europeos, data de 2012 con el hom\u00f3nimo<strong><em> &#8216;The Rasmus&#8217;<\/em><\/strong>.<\/p>\n<p>&nbsp;<\/p>\n<p><img decoding=\"async\" loading=\"lazy\" class=\"aligncenter wp-image-12553\" src=\"http:\/\/summainferno.com\/wp-content\/uploads\/2016\/03\/12898206_1289513831076590_6486388701448759854_o.jpg\" alt=\"12898206_1289513831076590_6486388701448759854_o\" width=\"831\" height=\"1264\" title=\"\"><noscript><img decoding=\"async\" class=\"aligncenter wp-image-12553\" src=\"http:\/\/summainferno.com\/wp-content\/uploads\/2016\/03\/12898206_1289513831076590_6486388701448759854_o.jpg\" alt=\"12898206_1289513831076590_6486388701448759854_o\" width=\"831\" height=\"1264\" title=\"\"><\/noscript><\/p>","protected":false},"excerpt":{"rendered":"<p>La banda finlandesa The Rasmus ha confirmado a trav\u00e9s de su cuenta oficial en Facebook que estar\u00e1 de regreso en nuestro pa\u00eds el pr\u00f3ximo 2 de Junio para presentarse en El Plaza Condesa de la Ciudad de M\u00e9xico. Los precios y la fecha de inicio de venta de boletos no ha sido revelado y se actualizar\u00e1 en breve. Lauri Yl\u00f6nen, Eero Heinonen, Pauli Rantasalmi y Aki Hakala terminar\u00e1n entonces con una ausencia de 3 a\u00f1os en M\u00e9xico cuando se presentaron [&hellip;]<\/p>\n","protected":false},"author":1,"featured_media":12554,"comment_status":"open","ping_status":"open","sticky":false,"template":"","format":"standard","meta":{"footnotes":""},"categories":[111,260,2],"tags":[273],"class_list":["post-12552","post","type-post","status-publish","format-standard","has-post-thumbnail","hentry","category-destacado","category-new","category-rock","tag-the-rasmus"],"_links":{"self":[{"href":"https:\/\/summainferno.com\/en\/wp-json\/wp\/v2\/posts\/12552","targetHints":{"allow":["GET"]}}],"collection":[{"href":"https:\/\/summainferno.com\/en\/wp-json\/wp\/v2\/posts"}],"about":[{"href":"https:\/\/summainferno.com\/en\/wp-json\/wp\/v2\/types\/post"}],"author":[{"embeddable":true,"href":"https:\/\/summainferno.com\/en\/wp-json\/wp\/v2\/users\/1"}],"replies":[{"embeddable":true,"href":"https:\/\/summainferno.com\/en\/wp-json\/wp\/v2\/comments?post=12552"}],"version-history":[{"count":0,"href":"https:\/\/summainferno.com\/en\/wp-json\/wp\/v2\/posts\/12552\/revisions"}],"wp:featuredmedia":[{"embeddable":true,"href":"https:\/\/summainferno.com\/en\/wp-json\/"}],"wp:attachment":[{"href":"https:\/\/summainferno.com\/en\/wp-json\/wp\/v2\/media?parent=12552"}],"wp:term":[{"taxonomy":"category","embeddable":true,"href":"https:\/\/summainferno.com\/en\/wp-json\/wp\/v2\/categories?post=12552"},{"taxonomy":"post_tag","embeddable":true,"href":"https:\/\/summainferno.com\/en\/wp-json\/wp\/v2\/tags?post=12552"}],"curies":[{"name":"wp","href":"https:\/\/api.w.org\/{rel}","templated":true}]}}