{"id":11653,"date":"2016-01-20T15:57:49","date_gmt":"2016-01-20T21:57:49","guid":{"rendered":"http:\/\/summainferno.com\/?p=11653"},"modified":"2016-01-20T15:57:49","modified_gmt":"2016-01-20T21:57:49","slug":"revelada-la-causa-de-muerte-de-lemmy-kilmister","status":"publish","type":"post","link":"https:\/\/summainferno.com\/en\/revelada-la-causa-de-muerte-de-lemmy-kilmister\/","title":{"rendered":"Revelada la causa de muerte de Lemmy Kilmister"},"content":{"rendered":"<p>&nbsp;<\/p>\n<p>El pasado 28 de Diciembre, el mundo del rock perdi\u00f3 a uno de sus valuartes m\u00e1s queridos, <strong>Ian &#8216;Lemmy&#8217; Kilmister<\/strong>, l\u00edder de la legendaria banda <strong>M\u00f6torhead<\/strong>. Seg\u00fan el reporte oficial dado a conocer por TMZ, Kilmister habr\u00eda fallecido debido al ya conocido c\u00e1ncer de prostata, adem\u00e1s de una arritmia e insuficiencia cardiaca.\u00a0Puedes ver el reporte,\u00a0<a href=\"http:\/\/summainferno.com\/wp-content\/uploads\/2016\/01\/lemmy_defuncion.pdf\" rel=\"\">here<\/a>.<\/p>\n<p>El m\u00fasico falleci\u00f3 apenas dos d\u00edas despu\u00e9s de conocer el diagnostico m\u00e9dico, el cual le hab\u00eda dado un m\u00e1ximo de dos a seis meses de vida. El funeral de Lemmy se llev\u00f3 a cabo el pasado 9 de Enero en el\u00a0Forest Lawn Memorial Cemetery de Los Angeles.<\/p>\n<p>&nbsp;<\/p>\n<p><img decoding=\"async\" loading=\"lazy\" class=\"aligncenter size-full wp-image-11656\" src=\"http:\/\/summainferno.com\/wp-content\/uploads\/2016\/01\/12540576_1115872708445036_8464035838422990809_n.jpg\" alt=\"12540576_1115872708445036_8464035838422990809_n\" width=\"960\" height=\"640\" title=\"\"><noscript><img decoding=\"async\" class=\"aligncenter size-full wp-image-11656\" src=\"http:\/\/summainferno.com\/wp-content\/uploads\/2016\/01\/12540576_1115872708445036_8464035838422990809_n.jpg\" alt=\"12540576_1115872708445036_8464035838422990809_n\" width=\"960\" height=\"640\" title=\"\"><\/noscript><\/p>","protected":false},"excerpt":{"rendered":"<p>&nbsp; El pasado 28 de Diciembre, el mundo del rock perdi\u00f3 a uno de sus valuartes m\u00e1s queridos, Ian &#8216;Lemmy&#8217; Kilmister, l\u00edder de la legendaria banda M\u00f6torhead. Seg\u00fan el reporte oficial dado a conocer por TMZ, Kilmister habr\u00eda fallecido debido al ya conocido c\u00e1ncer de prostata, adem\u00e1s de una arritmia e insuficiencia cardiaca.\u00a0Puedes ver el reporte,\u00a0aqu\u00ed. El m\u00fasico falleci\u00f3 apenas dos d\u00edas despu\u00e9s de conocer el diagnostico m\u00e9dico, el cual le hab\u00eda dado un m\u00e1ximo de dos a seis meses [&hellip;]<\/p>\n","protected":false},"author":1,"featured_media":11655,"comment_status":"open","ping_status":"open","sticky":false,"template":"","format":"standard","meta":{"footnotes":""},"categories":[111,171],"tags":[497,498],"class_list":["post-11653","post","type-post","status-publish","format-standard","has-post-thumbnail","hentry","category-destacado","category-heavy-metal","tag-lemmy-kilmister","tag-motorhead"],"_links":{"self":[{"href":"https:\/\/summainferno.com\/en\/wp-json\/wp\/v2\/posts\/11653","targetHints":{"allow":["GET"]}}],"collection":[{"href":"https:\/\/summainferno.com\/en\/wp-json\/wp\/v2\/posts"}],"about":[{"href":"https:\/\/summainferno.com\/en\/wp-json\/wp\/v2\/types\/post"}],"author":[{"embeddable":true,"href":"https:\/\/summainferno.com\/en\/wp-json\/wp\/v2\/users\/1"}],"replies":[{"embeddable":true,"href":"https:\/\/summainferno.com\/en\/wp-json\/wp\/v2\/comments?post=11653"}],"version-history":[{"count":0,"href":"https:\/\/summainferno.com\/en\/wp-json\/wp\/v2\/posts\/11653\/revisions"}],"wp:featuredmedia":[{"embeddable":true,"href":"https:\/\/summainferno.com\/en\/wp-json\/"}],"wp:attachment":[{"href":"https:\/\/summainferno.com\/en\/wp-json\/wp\/v2\/media?parent=11653"}],"wp:term":[{"taxonomy":"category","embeddable":true,"href":"https:\/\/summainferno.com\/en\/wp-json\/wp\/v2\/categories?post=11653"},{"taxonomy":"post_tag","embeddable":true,"href":"https:\/\/summainferno.com\/en\/wp-json\/wp\/v2\/tags?post=11653"}],"curies":[{"name":"wp","href":"https:\/\/api.w.org\/{rel}","templated":true}]}}