{"id":11415,"date":"2015-12-09T15:48:32","date_gmt":"2015-12-09T21:48:32","guid":{"rendered":"http:\/\/summainferno.com\/?p=11415"},"modified":"2015-12-09T15:48:32","modified_gmt":"2015-12-09T21:48:32","slug":"letzte-instanz-detalles-de-su-nuevo-disco-liebe-im-krieg","status":"publish","type":"post","link":"https:\/\/summainferno.com\/en\/letzte-instanz-detalles-de-su-nuevo-disco-liebe-im-krieg\/","title":{"rendered":"LETZTE INSTANZ: Detalles de su nuevo disco, &#8216;Liebe im Krieg&#8217;"},"content":{"rendered":"<p>&nbsp;<\/p>\n<p>Germans <strong>Letzte Instanz<\/strong> han anunciado que su nuevo \u00e1lbum -el doceavo en su cuenta &#8211; llevar\u00e1 por nombre <strong><em>&#8216;Liebe im Krieg&#8217;<\/em><\/strong> y que ser\u00e1 publicado en alg\u00fan momento de Agosto del 2016 y fue producido por\u00a0<strong>Markus Schlichtherle<\/strong>.<\/p>\n<p>Seg\u00fan la banda, la tem\u00e1tica del disco es completamente madura y estar\u00e1 lleno de movimiento y energ\u00eda.<em> &#8220;El amor en la guerra es lo \u00fanico que cuenta, cuando no queda nada, es lo que nos mantiene unidos.&#8221;<\/em> dicta la canci\u00f3n que le da t\u00edtulo al disco y es la premisa completa del mismo. A continuaci\u00f3n, podr\u00e1s ver la portada la cual estuvo a cargo de<strong> Andraj Sonnenkalb<\/strong>.<\/p>\n<p>&nbsp;<\/p>\n<p><img decoding=\"async\" loading=\"lazy\" class=\"aligncenter size-full wp-image-11416\" src=\"http:\/\/summainferno.com\/wp-content\/uploads\/2015\/12\/12346532_1239975999352941_9159457258064313360_n.jpg\" alt=\"12346532_1239975999352941_9159457258064313360_n\" width=\"960\" height=\"960\" title=\"\"><noscript><img decoding=\"async\" class=\"aligncenter size-full wp-image-11416\" src=\"http:\/\/summainferno.com\/wp-content\/uploads\/2015\/12\/12346532_1239975999352941_9159457258064313360_n.jpg\" alt=\"12346532_1239975999352941_9159457258064313360_n\" width=\"960\" height=\"960\" title=\"\"><\/noscript><\/p>","protected":false},"excerpt":{"rendered":"<p>&nbsp; Los alemanes Letzte Instanz han anunciado que su nuevo \u00e1lbum -el doceavo en su cuenta &#8211; llevar\u00e1 por nombre &#8216;Liebe im Krieg&#8217; y que ser\u00e1 publicado en alg\u00fan momento de Agosto del 2016 y fue producido por\u00a0Markus Schlichtherle. Seg\u00fan la banda, la tem\u00e1tica del disco es completamente madura y estar\u00e1 lleno de movimiento y energ\u00eda. &#8220;El amor en la guerra es lo \u00fanico que cuenta, cuando no queda nada, es lo que nos mantiene unidos.&#8221; dicta la canci\u00f3n que [&hellip;]<\/p>\n","protected":false},"author":1,"featured_media":11417,"comment_status":"open","ping_status":"open","sticky":false,"template":"","format":"standard","meta":{"footnotes":""},"categories":[2],"tags":[255,256],"class_list":["post-11415","post","type-post","status-publish","format-standard","has-post-thumbnail","hentry","category-rock","tag-letzte-instanz","tag-liebe-im-krieg"],"_links":{"self":[{"href":"https:\/\/summainferno.com\/en\/wp-json\/wp\/v2\/posts\/11415","targetHints":{"allow":["GET"]}}],"collection":[{"href":"https:\/\/summainferno.com\/en\/wp-json\/wp\/v2\/posts"}],"about":[{"href":"https:\/\/summainferno.com\/en\/wp-json\/wp\/v2\/types\/post"}],"author":[{"embeddable":true,"href":"https:\/\/summainferno.com\/en\/wp-json\/wp\/v2\/users\/1"}],"replies":[{"embeddable":true,"href":"https:\/\/summainferno.com\/en\/wp-json\/wp\/v2\/comments?post=11415"}],"version-history":[{"count":0,"href":"https:\/\/summainferno.com\/en\/wp-json\/wp\/v2\/posts\/11415\/revisions"}],"wp:featuredmedia":[{"embeddable":true,"href":"https:\/\/summainferno.com\/en\/wp-json\/"}],"wp:attachment":[{"href":"https:\/\/summainferno.com\/en\/wp-json\/wp\/v2\/media?parent=11415"}],"wp:term":[{"taxonomy":"category","embeddable":true,"href":"https:\/\/summainferno.com\/en\/wp-json\/wp\/v2\/categories?post=11415"},{"taxonomy":"post_tag","embeddable":true,"href":"https:\/\/summainferno.com\/en\/wp-json\/wp\/v2\/tags?post=11415"}],"curies":[{"name":"wp","href":"https:\/\/api.w.org\/{rel}","templated":true}]}}