{"id":11280,"date":"2015-11-20T21:25:44","date_gmt":"2015-11-21T03:25:44","guid":{"rendered":"http:\/\/summainferno.com\/?p=11280"},"modified":"2015-11-20T21:25:44","modified_gmt":"2015-11-21T03:25:44","slug":"disturbed-estrena-video-the-light","status":"publish","type":"post","link":"https:\/\/summainferno.com\/en\/disturbed-estrena-video-the-light\/","title":{"rendered":"DISTURBED estrena video, &#8216;The Light&#8217;"},"content":{"rendered":"<p>&nbsp;<\/p>\n<p><em>&#8216;The Light&#8217;<\/em> es el nombre del nuevo video oficial de <strong>Disturbed<\/strong>, tema extra\u00eddo del m\u00e1s reciente \u00e1lbum de la banda de David Draiman, &#8216;Immortalized&#8217;, que sali\u00f3 a la venta el pasado 21 de Agosto. El video fue dirigido por\u00a0<b>Culley Bunker<\/b>\u00a0and\u00a0<b>Craig Bernard\u00a0<\/b>mientras que la producci\u00f3n estuvo a cargo de <strong>Evan Urman<\/strong>.<\/p>\n<p><em>&#8220;Imaginate, &#8216;The Light&#8217; es una canci\u00f3n de Disturbed con un aire de positivismo, \u00bfalguna vez te hubieras imaginado algo as\u00ed?&#8221;<\/em> declar\u00f3 Draiman en una reciente entrevista con Loudwire, <em>&#8220;Ver\u00e1s, la \u00fanica manera de que puedas apreciar la oscuridad es hacer contraste con la luz. Creo que hay personas que han usado nuestra m\u00fasica para salir de momentos complicados en su vida, para triunfar contra la adversidad, para saltar obstaculos. Me ha pasado a mi, con gente en mi vida o amigos que he tenido, que periodos de nuestra vida pueden ser oscuros y desalentadores y te dejas abrumar a medida que te llega la desesperanza y sucumbes al estancamiento. Pero a decir verdad, todo es un camino. A veces tienes que pasar por periodos llenos de oscuridad para encontrar las respuestas que necesitas, para volverte m\u00e1s fuerte, para ver la luz. Y es as\u00ed como pones las cosas en perspectiva.&#8221;<\/em><\/p>\n<p>&nbsp;<\/p>\n<p><iframe class=\"zeen-lazy-load-base zeen-lazy-load\" width=\"1200\" height=\"675\" src=\"about:blank\" data-lazy-src=\"https:\/\/www.youtube.com\/embed\/_LypjOTTH6E?feature=oembed\" frameborder=\"0\" allowfullscreen><\/iframe><noscript><iframe width=\"1200\" height=\"675\" src=\"https:\/\/www.youtube.com\/embed\/_LypjOTTH6E?feature=oembed\" frameborder=\"0\" allowfullscreen><\/iframe><\/noscript><\/p>","protected":false},"excerpt":{"rendered":"<p>&nbsp; &#8216;The Light&#8217; es el nombre del nuevo video oficial de Disturbed, tema extra\u00eddo del m\u00e1s reciente \u00e1lbum de la banda de David Draiman, &#8216;Immortalized&#8217;, que sali\u00f3 a la venta el pasado 21 de Agosto. El video fue dirigido por\u00a0Culley Bunker\u00a0y\u00a0Craig Bernard\u00a0mientras que la producci\u00f3n estuvo a cargo de Evan Urman. &#8220;Imaginate, &#8216;The Light&#8217; es una canci\u00f3n de Disturbed con un aire de positivismo, \u00bfalguna vez te hubieras imaginado algo as\u00ed?&#8221; declar\u00f3 Draiman en una reciente entrevista con Loudwire, &#8220;Ver\u00e1s, [&hellip;]<\/p>\n","protected":false},"author":1,"featured_media":11282,"comment_status":"open","ping_status":"open","sticky":false,"template":"","format":"standard","meta":{"footnotes":""},"categories":[111,31],"tags":[450],"class_list":["post-11280","post","type-post","status-publish","format-standard","has-post-thumbnail","hentry","category-destacado","category-metal","tag-disturbed"],"_links":{"self":[{"href":"https:\/\/summainferno.com\/en\/wp-json\/wp\/v2\/posts\/11280","targetHints":{"allow":["GET"]}}],"collection":[{"href":"https:\/\/summainferno.com\/en\/wp-json\/wp\/v2\/posts"}],"about":[{"href":"https:\/\/summainferno.com\/en\/wp-json\/wp\/v2\/types\/post"}],"author":[{"embeddable":true,"href":"https:\/\/summainferno.com\/en\/wp-json\/wp\/v2\/users\/1"}],"replies":[{"embeddable":true,"href":"https:\/\/summainferno.com\/en\/wp-json\/wp\/v2\/comments?post=11280"}],"version-history":[{"count":0,"href":"https:\/\/summainferno.com\/en\/wp-json\/wp\/v2\/posts\/11280\/revisions"}],"wp:featuredmedia":[{"embeddable":true,"href":"https:\/\/summainferno.com\/en\/wp-json\/"}],"wp:attachment":[{"href":"https:\/\/summainferno.com\/en\/wp-json\/wp\/v2\/media?parent=11280"}],"wp:term":[{"taxonomy":"category","embeddable":true,"href":"https:\/\/summainferno.com\/en\/wp-json\/wp\/v2\/categories?post=11280"},{"taxonomy":"post_tag","embeddable":true,"href":"https:\/\/summainferno.com\/en\/wp-json\/wp\/v2\/tags?post=11280"}],"curies":[{"name":"wp","href":"https:\/\/api.w.org\/{rel}","templated":true}]}}