{"id":11229,"date":"2015-11-14T10:38:17","date_gmt":"2015-11-14T16:38:17","guid":{"rendered":"http:\/\/summainferno.com\/?p=11229"},"modified":"2015-11-14T10:38:17","modified_gmt":"2015-11-14T16:38:17","slug":"la-comunidad-artistica-reacciona-ante-los-ataques-en-paris","status":"publish","type":"post","link":"https:\/\/summainferno.com\/en\/la-comunidad-artistica-reacciona-ante-los-ataques-en-paris\/","title":{"rendered":"La comunidad art\u00edstica reacciona ante los ataques en Par\u00eds"},"content":{"rendered":"<p>&nbsp;<\/p>\n<p><a href=\"http:\/\/summainferno.com\/wp-content\/uploads\/2015\/11\/voltaire-bataclan.jpg\"><img decoding=\"async\" loading=\"lazy\" class=\"alignleft size-medium wp-image-11232\" src=\"http:\/\/summainferno.com\/wp-content\/uploads\/2015\/11\/voltaire-bataclan-250x166.jpg\" alt=\"voltaire-bataclan\" width=\"250\" height=\"166\" title=\"\"><noscript><img decoding=\"async\" class=\"alignleft size-medium wp-image-11232\" src=\"http:\/\/summainferno.com\/wp-content\/uploads\/2015\/11\/voltaire-bataclan-250x166.jpg\" alt=\"voltaire-bataclan\" width=\"250\" height=\"166\" title=\"\"><\/noscript><\/a>La noche de ayer el mundo volvi\u00f3 a estremecerse con la serie de ataques terroristas que dejaron en Par\u00eds unos 150 fallecidos y m\u00e1s de 300 heridos. La mayor\u00eda de los muertos se encontraban al interior de <em>Le Batacl\u00e1n<\/em>, un recinto de la capital francesa donde se llevaba a cabo un concierto de la banda norteamericana <strong>Eagles of Death Metal<\/strong>. Dentro del lugar hab\u00eda\u00a0m\u00e1s de 1,000 personas cuando dos o tres hombres armados y el rostro cubierto ingresaron con rifles\u00a0Kalashnikov [mejor conocidos con AK-47 o \u00a0&#8220;cuerno de chivo&#8221;] disparando indiscriminadamente a la multitud, la cual intent\u00f3 escapar a trav\u00e9s de las salidas de emergencia. M\u00e1s de 100 personas murieron tan solo en este lugar.<\/p>\n<p>Tras estos hechos, la comunidad art\u00edsitica se ha pronunciado, ya sea condenando los ataques a trav\u00e9s de las redes sociales como cancelando sus presentaciones en la ciudad. Tal es el caso de bandas como <strong>U2<\/strong>, <strong>Deftones<\/strong> o <strong>Foo Fighters<\/strong> que anunci\u00f3 esta ma\u00f1ana la cancelaci\u00f3n total de su gira europea.<\/p>\n<hr \/>\n<p>&nbsp;<br \/>\n<center><\/p>\n<blockquote class=\"twitter-tweet\" lang=\"es\">\n<p dir=\"ltr\" lang=\"en\">We mourn this tragic loss of life and stand with the world to salute your joie de vivre. Paix. <a href=\"https:\/\/t.co\/TrLFgnlRaK\">pic.twitter.com\/TrLFgnlRaK<\/a><\/p>\n<p>\u2014 AC\/DC (@acdc) <a href=\"https:\/\/twitter.com\/acdc\/status\/665320693173628928\" target=\"_blank\" rel=\"noopener\">noviembre 14, 2015<\/a><\/p><\/blockquote>\n<p><script src=\"\/\/platform.twitter.com\/widgets.js\" async=\"\" charset=\"utf-8\"><\/script><br \/>\n<\/center><br \/>\n<center><\/p>\n<blockquote class=\"twitter-tweet\" lang=\"es\"><p>Our hearts go out to the people of Paris. <a href=\"https:\/\/t.co\/Colws0guOm\">https:\/\/t.co\/Colws0guOm<\/a> \u2014 Pantera (@Pantera) <a href=\"https:\/\/twitter.com\/Pantera\/status\/665368731359576064\" target=\"_blank\" rel=\"noopener\">noviembre 14, 2015<\/a><\/p><\/blockquote>\n<p><\/center><br \/>\n<script src=\"\/\/platform.twitter.com\/widgets.js\" async=\"\" charset=\"utf-8\"><\/script><br \/>\n<\/center><br \/>\n<center><\/p>\n<blockquote class=\"twitter-tweet\" lang=\"es\">\n<p dir=\"ltr\" lang=\"en\">To the people of France: We are saddened by today&#8217;s horrific events. We are praying for you in this time of tragedy.<\/p>\n<p>\u2014 KISS (@KISSOnline) <a href=\"https:\/\/twitter.com\/KISSOnline\/status\/665364059500351488\" target=\"_blank\" rel=\"noopener\">noviembre 14, 2015<\/a><\/p><\/blockquote>\n<p><script src=\"\/\/platform.twitter.com\/widgets.js\" async=\"\" charset=\"utf-8\"><\/script><br \/>\n<\/center><br \/>\n<center><\/p>\n<blockquote class=\"twitter-tweet\" lang=\"es\"><p>Heartbroken. Love and prayers to Paris. \u2014 Jay Weinberg (@jayweinbergdrum) <a href=\"https:\/\/twitter.com\/jayweinbergdrum\/status\/665361901870784512\" target=\"_blank\" rel=\"noopener\">noviembre 14, 2015<\/a><\/p><\/blockquote>\n<p><script src=\"\/\/platform.twitter.com\/widgets.js\" async=\"\" charset=\"utf-8\"><\/script><br \/>\n<\/center><br \/>\n<center><\/p>\n<blockquote class=\"twitter-tweet\" lang=\"es\">\n<p dir=\"ltr\" lang=\"und\"><a href=\"https:\/\/twitter.com\/hashtag\/PapaRoach?src=hash\" target=\"_blank\" rel=\"noopener\">#PapaRoach<\/a> x <a href=\"https:\/\/twitter.com\/hashtag\/PrayForParis?src=hash\" target=\"_blank\" rel=\"noopener\">#PrayForParis<\/a> <a href=\"https:\/\/t.co\/IvDkCNtRyz\">https:\/\/t.co\/IvDkCNtRyz<\/a> <a href=\"https:\/\/t.co\/PUOUw20pxY\">pic.twitter.com\/PUOUw20pxY<\/a><\/p>\n<p>\u2014 Papa Roach (@paparoach) <a href=\"https:\/\/twitter.com\/paparoach\/status\/665347622425640960\" target=\"_blank\" rel=\"noopener\">noviembre 14, 2015<\/a><\/p><\/blockquote>\n<p><script src=\"\/\/platform.twitter.com\/widgets.js\" async=\"\" charset=\"utf-8\"><\/script><br \/>\n<\/center><br \/>\n<center><\/p>\n<blockquote class=\"twitter-tweet\" lang=\"es\"><p>Together we stand with the people and fans in France against the ugly face of terror. <a href=\"https:\/\/t.co\/xTSsR4i2N5\">https:\/\/t.co\/xTSsR4i2N5<\/a> \u2014 Accept (@accepttheband) <a href=\"https:\/\/twitter.com\/accepttheband\/status\/665360341832966144\" target=\"_blank\" rel=\"noopener\">noviembre 14, 2015<\/a><\/p><\/blockquote>\n<p><script src=\"\/\/platform.twitter.com\/widgets.js\" async=\"\" charset=\"utf-8\"><\/script><br \/>\n<\/center><br \/>\n<center><\/p>\n<blockquote class=\"twitter-tweet\" lang=\"es\">\n<p dir=\"ltr\" lang=\"en\">Paris, je t&#8217;aime \u2764 I was just there earlier this year &amp; the spirit of this beautiful city still\u2026 <a href=\"https:\/\/t.co\/ZyOiHGo5nF\">https:\/\/t.co\/ZyOiHGo5nF<\/a><\/p>\n<p>\u2014 \u2606 OTEP SHAMAYA \u2606 (@otepofficial) <a href=\"https:\/\/twitter.com\/otepofficial\/status\/665389149973819392\" target=\"_blank\" rel=\"noopener\">noviembre 14, 2015<\/a><\/p><\/blockquote>\n<p><script src=\"\/\/platform.twitter.com\/widgets.js\" async=\"\" charset=\"utf-8\"><\/script><br \/>\n<\/center><br \/>\n<center><\/p>\n<blockquote class=\"twitter-tweet\" lang=\"es\"><p>Our hearts are with Paris tonight. <a href=\"https:\/\/t.co\/ZRDD8BmhvM\">pic.twitter.com\/ZRDD8BmhvM<\/a> \u2014 Robert Trujillo (@RobertTrujillo) <a href=\"https:\/\/twitter.com\/RobertTrujillo\/status\/665342970422386688\" target=\"_blank\" rel=\"noopener\">noviembre 14, 2015<\/a><\/p><\/blockquote>\n<p><script src=\"\/\/platform.twitter.com\/widgets.js\" async=\"\" charset=\"utf-8\"><\/script><br \/>\n<\/center><br \/>\n<center><\/p>\n<blockquote class=\"twitter-tweet\" lang=\"es\">\n<p dir=\"ltr\" lang=\"en\">What happened in Paris is awful , so sad for these victims and so angry!<\/p>\n<p>\u2014 John Dolmayan\/SOAD (@JohnDolmayan) <a href=\"https:\/\/twitter.com\/JohnDolmayan\/status\/665341038651793408\" target=\"_blank\" rel=\"noopener\">noviembre 14, 2015<\/a><\/p><\/blockquote>\n<p><script src=\"\/\/platform.twitter.com\/widgets.js\" async=\"\" charset=\"utf-8\"><\/script><br \/>\n<\/center><br \/>\n<center><\/p>\n<blockquote class=\"twitter-tweet\" lang=\"es\"><p>We are praying for everyone in this tragic event . ? <a href=\"https:\/\/t.co\/BXDCseQH1q\">pic.twitter.com\/BXDCseQH1q<\/a> \u2014 Maria Brink (@MariaBrink) <a href=\"https:\/\/twitter.com\/MariaBrink\/status\/665339636831674368\" target=\"_blank\" rel=\"noopener\">noviembre 14, 2015<\/a><\/p><\/blockquote>\n<p><script src=\"\/\/platform.twitter.com\/widgets.js\" async=\"\" charset=\"utf-8\"><\/script><br \/>\n<\/center><br \/>\n<center><\/p>\n<blockquote class=\"twitter-tweet\" lang=\"es\">\n<p dir=\"ltr\" lang=\"en\">Mortified by the horrific events in Paris. Our thoughts &amp; prayers go out to all the innocent victims\u2026 <a href=\"https:\/\/t.co\/I67BHhRazv\">https:\/\/t.co\/I67BHhRazv<\/a><\/p>\n<p>\u2014 Slash (@Slash) <a href=\"https:\/\/twitter.com\/Slash\/status\/665357419170631680\" target=\"_blank\" rel=\"noopener\">noviembre 14, 2015<\/a><\/p><\/blockquote>\n<p><script src=\"\/\/platform.twitter.com\/widgets.js\" async=\"\" charset=\"utf-8\"><\/script><br \/>\n<\/center><\/p>\n","protected":false},"excerpt":{"rendered":"<p>&nbsp; La noche de ayer el mundo volvi\u00f3 a estremecerse con la serie de ataques terroristas que dejaron en Par\u00eds unos 150 fallecidos y m\u00e1s de 300 heridos. La mayor\u00eda de los muertos se encontraban al interior de Le Batacl\u00e1n, un recinto de la capital francesa donde se llevaba a cabo un concierto de la banda norteamericana Eagles of Death Metal. Dentro del lugar hab\u00eda\u00a0m\u00e1s de 1,000 personas cuando dos o tres hombres armados y el rostro cubierto ingresaron con [&hellip;]<\/p>\n","protected":false},"author":1,"featured_media":11231,"comment_status":"open","ping_status":"open","sticky":false,"template":"","format":"standard","meta":{"footnotes":""},"categories":[111,2],"tags":[249],"class_list":["post-11229","post","type-post","status-publish","format-standard","has-post-thumbnail","hentry","category-destacado","category-rock","tag-paris"],"_links":{"self":[{"href":"https:\/\/summainferno.com\/en\/wp-json\/wp\/v2\/posts\/11229","targetHints":{"allow":["GET"]}}],"collection":[{"href":"https:\/\/summainferno.com\/en\/wp-json\/wp\/v2\/posts"}],"about":[{"href":"https:\/\/summainferno.com\/en\/wp-json\/wp\/v2\/types\/post"}],"author":[{"embeddable":true,"href":"https:\/\/summainferno.com\/en\/wp-json\/wp\/v2\/users\/1"}],"replies":[{"embeddable":true,"href":"https:\/\/summainferno.com\/en\/wp-json\/wp\/v2\/comments?post=11229"}],"version-history":[{"count":0,"href":"https:\/\/summainferno.com\/en\/wp-json\/wp\/v2\/posts\/11229\/revisions"}],"wp:featuredmedia":[{"embeddable":true,"href":"https:\/\/summainferno.com\/en\/wp-json\/"}],"wp:attachment":[{"href":"https:\/\/summainferno.com\/en\/wp-json\/wp\/v2\/media?parent=11229"}],"wp:term":[{"taxonomy":"category","embeddable":true,"href":"https:\/\/summainferno.com\/en\/wp-json\/wp\/v2\/categories?post=11229"},{"taxonomy":"post_tag","embeddable":true,"href":"https:\/\/summainferno.com\/en\/wp-json\/wp\/v2\/tags?post=11229"}],"curies":[{"name":"wp","href":"https:\/\/api.w.org\/{rel}","templated":true}]}}