{"id":10290,"date":"2015-08-11T15:56:59","date_gmt":"2015-08-11T20:56:59","guid":{"rendered":"http:\/\/summainferno.com\/?p=10290"},"modified":"2015-08-11T15:56:59","modified_gmt":"2015-08-11T20:56:59","slug":"la-musica-es-una-conexion-de-palabras-y-sentimientos-johnny-indovina-human-drama","status":"publish","type":"post","link":"https:\/\/summainferno.com\/en\/la-musica-es-una-conexion-de-palabras-y-sentimientos-johnny-indovina-human-drama\/","title":{"rendered":"&#8220;La m\u00fasica es una conexi\u00f3n de palabras y sentimientos&#8221;: JOHNNY INDOVINA [Human Drama]"},"content":{"rendered":"<p>&nbsp;<\/p>\n<p>El lobby de un hotel clavado en la Colonia Condesa fue el sitio para encontrarnos con<strong> Johnny Indovina<\/strong>, el cantante de la legendaria banda <strong>Human Drama<\/strong>, quien para celebrar su 30 aniversario tocar\u00e1 un show especial de m\u00e1s de 3 horas de duraci\u00f3n en el Circo Volador de la Ciuda de M\u00e9xico, la ciudad que le dio a Indovina un nuevo respiro y la fortaleza e inspiraci\u00f3n para poder seguir en la m\u00fasica.<\/p>\n<p>&nbsp;<\/p>\n<p><strong>30 a\u00f1os de Human Drama. Desde cualquier perspectiva eso es mucho tiempo para una banda&#8230;<\/strong><\/p>\n<p>Honestamente, a pesar de que es much\u00edsimo tiempo pero ni siquiera puedo racionalizar todo lo que he invertido desde que iniciamos como banda. \u00bfC\u00f3mo es que pasaron tantos a\u00f1os? Eso me trae mucha nostalgia, pero a la vez me siento muy bien al volver a estar juntos, los mismos sujetos que empezamos en 1985 y a\u00fan se siente de la misma forma, \u00bfsabes?<\/p>\n<p><strong>\u00bfDe verdad? \u00bfA\u00fan cuando hayan pasado 30 a\u00f1os?<\/strong><\/p>\n<p>Si, te lo juro. Cuanto estamos juntos juntos en la misma habitaci\u00f3n, todo vuelve a ser como siempre ha sido.<\/p>\n<p><strong>Amor, muerte, Dios, la oscuridad, la vida. Todos son temas que abordas en la mayor parte de tus temas. \u00bfC\u00f3mo mantener fresca la inspiraci\u00f3n despu\u00e9s de m\u00e1s de 3 d\u00e9cadas?<\/strong><\/p>\n<p>Creo que&#8230; Hay tantas cosas pasando en este mundo, tantas cosas que ver y tantas emociones con las que tenemos que lidiar d\u00eda a d\u00eda que jam\u00e1s me quedar\u00e9 sin temas sobre los cuales escribir. Nunca. Porque jam\u00e1s se van, siempre est\u00e1n aqu\u00ed, siempre tenemos que enfrentarnos a ellos. Si no me pasa gran cosa el d\u00eda de hoy, no significa que no pueda reflexionar y recordar algo que me pudo haber pasado a mi o a alguien m\u00e1s hace m\u00e1s de 10 a\u00f1os, examinarlo y escribir una canci\u00f3n sobre ello.<\/p>\n<p><strong><a href=\"http:\/\/summainferno.com\/wp-content\/uploads\/2015\/08\/indovina.jpg\"><img decoding=\"async\" loading=\"lazy\" class=\"alignleft wp-image-10295\" src=\"http:\/\/summainferno.com\/wp-content\/uploads\/2015\/08\/indovina-585x780.jpg\" alt=\"indovina\" width=\"385\" height=\"513\" title=\"\"><noscript><img decoding=\"async\" class=\"alignleft wp-image-10295\" src=\"http:\/\/summainferno.com\/wp-content\/uploads\/2015\/08\/indovina-585x780.jpg\" alt=\"indovina\" width=\"385\" height=\"513\" title=\"\"><\/noscript><\/a>Cuando comenzaste en esto de la m\u00fasica, \u00bfqu\u00e9 es lo que buscabas exactamente? \u00bfcual es tu meta?<\/strong><\/p>\n<p>Compr\u00e9 un disco, por ah\u00ed de 1973, &#8216;Berlin&#8217; de Lou Reed y cuando lo escuch\u00e9 por primera vez, algo cambi\u00f3 dentro de mi. Ah\u00ed fue cuando\u00a0aprend\u00ed como es que la m\u00fasica tiene un gran efecto en la manera en que te sientes en ese momento, la manera en la que te lleva a otro lugar y esa fue mi meta. Quer\u00eda hacer discos que pudieran hacer eso. No quer\u00eda hacer m\u00fasica de fondo o de fiesta. Quer\u00eda hacer un disco que te hiciera sentir como si leyeras un libro&#8230;<\/p>\n<p><strong>\u00bfTe gusta leer?<\/strong><\/p>\n<p>No, la verdad es que no.<\/p>\n<p><strong>\u00bfNi siquiera novelas ligeras o algo?<\/strong><\/p>\n<p>No, nada de eso. Yo le\u00eda cuando era joven pero ya no lo hago m\u00e1s. [risas]<\/p>\n<p><strong>Bueno&#8230; El a\u00f1o pasado lanzaste un nuevo \u00e1lbum solista. \u00bfTe gusta m\u00e1s tu faceta en solitario o preferir\u00edas hacer algo como Human Drama?<\/strong><\/p>\n<p>No s\u00e9&#8230; En este momento escribo canciones que son para mi, as\u00ed como lo hac\u00eda para Human Drama hasta el 2004 y en algunos otros proyectos. Realmente no tengo preferencia, pues sin importar en donde se publican, siguen siendo mis canciones. La \u00fanica diferencia es que distinta gente las ejecuta, pero la vibra sigue siendo la misma&#8230;<\/p>\n<p><strong>Human Drama es una banda que comenz\u00f3 en los 80s, una \u00e9poca totalmente distinta para la industria musical. \u00bfLo extra\u00f1as?<\/strong><\/p>\n<p>Ya sabes la respuesta a esa pregunta. Si pudiera regresar el tiempo y volver a esos d\u00edas, solamente cambiar algunos puntos de la industria musical, tener m\u00e1s control del internet para que la m\u00fasica no pierda su valor -porque ahora es gratis-, lo har\u00eda. Cambiar\u00eda eso. Detesto la manera en la que la m\u00fasica se ha vuelto algo totalmente desechable. Escuchas algo y luego lo tiras a la basura y luego algo m\u00e1s, y luego otro m\u00e1s. No puedo creerlo, no me gusta. Cosas como Spotify son lo que detesto. Me gustan esos d\u00edas donde yo compraba mi disco, un \u00e1lbum real y no solo escuchar una o dos canciones. \u00a1Hay una raz\u00f3n por la que los artistas ponen 11 canciones ah\u00ed! \u00bfC\u00f3mo podr\u00eda estar feliz de una persona escuche solo una y ya?<\/p>\n<p><strong>Pero tu m\u00fasica est\u00e1 en esas plataformas, \u00bfno? Ya sabes, Spotify, Apple Music&#8230;<\/strong><\/p>\n<p>Pues si. Ya que&#8230;<\/p>\n<p><strong>Los fans mexicanos te aman de veras. Cada vez que te presentas aqu\u00ed, obtienes una gran respuesta. \u00a1Hace unos meses estuviste tocando en el Bizarro Caf\u00e9 de a gratis y hubo varios cientos de personas!<\/strong><\/p>\n<p>Si, lo hice. El a\u00f1o pasado pens\u00e9 en retirarme de la m\u00fasica, porque ya no la disfrutaba. Llegu\u00e9 a odiar todo esto. Odi\u00e9 todo el proceso, pues hay much\u00edsimos barreras. Todo ha cambiado. Ya no pod\u00eda seguir haciendo un \u00e1lbum y luego una gira, otro \u00e1lbum y otra gira en un ciclo interminable. Adem\u00e1s, estaba muy enfadado con el negocio musical, solo quer\u00eda detenerme. Pero lo pens\u00e9 y decid\u00ed que en vez de dejar la m\u00fasica, iba a dar un paso atr\u00e1s y responderme a mi mismo, \u00bfpor qu\u00e9 hago m\u00fasica?. \u00bfQu\u00e9 es lo que amo de todo esto? As\u00ed que lo que hice fue sentarme ah\u00ed &#8211; en el Caf\u00e9 Bizarro &#8211; junto a mi guitarra, y tocar. \u00bfPor qu\u00e9? Por que puedo. No por un concierto, no para vender boletos o por vender un disco, no para tocar frente a una gran audiencia, ni por estar en la radio. Lo \u00fanico que quer\u00eda era tocar. \u00bfD\u00f3nde m\u00e1s podr\u00eda hacerlo que en la Ciudad de M\u00e9xico? Toqu\u00e9 todos los d\u00edas, por siete d\u00edas seguidos, jam\u00e1s lo anunci\u00e9, no d\u00ed una conferencia de prensa. No hubo dinero ni nada de por medio. Lo \u00fanico que quer\u00eda era respirar y volver a comprender que era lo que amaba de la m\u00fasica. Lo hice por que me gusta, sin ninguna otra exectativa.<\/p>\n<p><strong>Y despu\u00e9s de todo, \u00bfqu\u00e9 significa la m\u00fasica para ti?<\/strong><\/p>\n<p>\u00a1Comunicaci\u00f3n! Una manera de compartir con la gente. Imagina que no nos conocemos muy bien y de repente nos encontramos en la calle y te digo &#8220;\u00a1Oye! Fijate que me enamor\u00e9 y&#8230;&#8221; No. Eso ser\u00eda muy raro. Pero puedes escuchar mi m\u00fasica y a trav\u00e9s de ella nos conectaremos. Tendr\u00edamos una conversaci\u00f3n a\u00fan sin estar de frente. Una conexi\u00f3n de palabras y sentimientos.<\/p>\n<p><strong>\u00bfTe gusta la m\u00fasica actual?<\/strong><\/p>\n<p>Uhm&#8230; un par de cosillas suenan bien, no mucho. Lo m\u00e1s &#8220;nuevo&#8221; que he escuchado es a Sia, me gustan un par de sus canciones y sus videos son geniales. Me gusta<em> &#8216;Chandelier&#8217;,<\/em> es grandiosa.<\/p>\n<p><strong>Si descomponemos la m\u00fasica en varios pedazos, \u00bfcual es el pedazo m\u00e1s importante para Johnny Indovina?<\/strong><\/p>\n<p>Las palabras. Cuando escucho algo de Leonard Cohen, no pienso en las guitarras o en la bater\u00eda, pienso en las palabras. Para mi, todo es sobre las palabras y la m\u00fasica detr\u00e1s de ellas, son solo lo que les da color.<\/p>\n<p><strong>Para finalizar, Johnny. Diez a\u00f1os despu\u00e9s de su separaci\u00f3n oficial, decides reunir a Human Drama por su 30 aniversario y presentarse en el Circo Volador.\u00a0<\/strong><\/p>\n<p>\u00a130 a\u00f1os! Hace algunos a\u00f1os -en 2012, tambi\u00e9n nos presentamos en el Plaza Condesa, pero esto es para celebrar nuestro 30 aniversario, porque disfrutamos estar juntos como banda, \u00bfas\u00ed que por qu\u00e9 no hacerlo de nuevo?. Nos estamos haciendo viejos, \u00bfqu\u00e9 podremos hacer despu\u00e9s? No lo s\u00e9. As\u00ed que queremos disfrutar esta gran experiencia y pasar un buen rato.<\/p>\n<p>&nbsp;<\/p>\n<p>&nbsp;<\/p>\n","protected":false},"excerpt":{"rendered":"<p>&nbsp; El lobby de un hotel clavado en la Colonia Condesa fue el sitio para encontrarnos con Johnny Indovina, el cantante de la legendaria banda Human Drama, quien para celebrar su 30 aniversario tocar\u00e1 un show especial de m\u00e1s de 3 horas de duraci\u00f3n en el Circo Volador de la Ciuda de M\u00e9xico, la ciudad que le dio a Indovina un nuevo respiro y la fortaleza e inspiraci\u00f3n para poder seguir en la m\u00fasica. &nbsp; 30 a\u00f1os de Human Drama. [&hellip;]<\/p>\n","protected":false},"author":1,"featured_media":10294,"comment_status":"open","ping_status":"open","sticky":false,"template":"","format":"standard","meta":{"footnotes":""},"categories":[111,445,244,342],"tags":[1666],"class_list":["post-10290","post","type-post","status-publish","format-standard","has-post-thumbnail","hentry","category-destacado","category-entrevistas","category-exclusiva","category-goth","tag-human-drama"],"_links":{"self":[{"href":"https:\/\/summainferno.com\/en\/wp-json\/wp\/v2\/posts\/10290","targetHints":{"allow":["GET"]}}],"collection":[{"href":"https:\/\/summainferno.com\/en\/wp-json\/wp\/v2\/posts"}],"about":[{"href":"https:\/\/summainferno.com\/en\/wp-json\/wp\/v2\/types\/post"}],"author":[{"embeddable":true,"href":"https:\/\/summainferno.com\/en\/wp-json\/wp\/v2\/users\/1"}],"replies":[{"embeddable":true,"href":"https:\/\/summainferno.com\/en\/wp-json\/wp\/v2\/comments?post=10290"}],"version-history":[{"count":0,"href":"https:\/\/summainferno.com\/en\/wp-json\/wp\/v2\/posts\/10290\/revisions"}],"wp:featuredmedia":[{"embeddable":true,"href":"https:\/\/summainferno.com\/en\/wp-json\/"}],"wp:attachment":[{"href":"https:\/\/summainferno.com\/en\/wp-json\/wp\/v2\/media?parent=10290"}],"wp:term":[{"taxonomy":"category","embeddable":true,"href":"https:\/\/summainferno.com\/en\/wp-json\/wp\/v2\/categories?post=10290"},{"taxonomy":"post_tag","embeddable":true,"href":"https:\/\/summainferno.com\/en\/wp-json\/wp\/v2\/tags?post=10290"}],"curies":[{"name":"wp","href":"https:\/\/api.w.org\/{rel}","templated":true}]}}